{"id":44233,"date":"2025-12-17T18:44:38","date_gmt":"2025-12-17T18:44:38","guid":{"rendered":"https:\/\/radiocresatelital.com\/?p=44233"},"modified":"2025-12-17T18:44:38","modified_gmt":"2025-12-17T18:44:38","slug":"conductores-de-mas-de-15-000-vehiculos-se-movilizan-a-diario-por-la-via-nobol-la-cadena-ampliada-por-la-prefectura-del-guayas-como-parte-del-fortalecimiento-de-la-conectividad-con-manabi","status":"publish","type":"post","link":"https:\/\/radiocresatelital.com\/?p=44233","title":{"rendered":"Conductores de m\u00e1s de 15.000 veh\u00edculos se movilizan a diario por la v\u00eda Nobol-La Cadena, ampliada por la Prefectura del Guayas como parte del fortalecimiento de  la conectividad con Manab\u00ed"},"content":{"rendered":"<p>Guayaquil.- El pasado 11 de septiembre, la prefecta del Guayas, Marcela Agui\u00f1aga, entreg\u00f3 la obra de ampliaci\u00f3n de la v\u00eda Nobol\u2013La Cadena, un proyecto estrat\u00e9gico que se ejecut\u00f3 en un tramo de 4,1 kil\u00f3metros y transform\u00f3 esta arteria de dos a cuatro carriles.<\/p>\n<p>La intervenci\u00f3n beneficia de manera directa a m\u00e1s de 85.000 habitantes de los cantones Lomas de Sargentillo, Nobol, Isidro Ayora y Pedro Carbo, as\u00ed como a los conductores de m\u00e1s de 15.000 veh\u00edculos que circulan diariamente por la zona. De esta manera, se cumple tambi\u00e9n con el objetivo de fortalecer la conectividad con la provincia de Manab\u00ed.<\/p>\n<p>Como parte de la intervenci\u00f3n integral, el Gobierno Provincial del Guayas reemplaz\u00f3 los antiguos puentes Bachillero y Las Jaguas, de m\u00e1s de 20 a\u00f1os de antig\u00fcedad que presentaban pilas intermedias y otras caracter\u00edsticas que reduc\u00edan su capacidad hidr\u00e1ulica y generaban acumulaci\u00f3n de palizada, durante la temporada invernal. En su lugar, se construyeron dos estructuras modernas, una por cada sentido, con dos carriles y camineras peatonales. El dise\u00f1o incluye vigas met\u00e1licas, tableros de hormig\u00f3n armado, y otros elementos que mejoran el flujo de agua y reducen riesgos en invierno.<\/p>\n<p>\u201cAntes estos puentes eran aproximadamente de 7.40 el ancho, actualmente ya son de m\u00e1s de 9 metros por sentido y garantiza la movilidad segura tanto para los veh\u00edculos como para peatones\u201d, explic\u00f3 Ronny Campoverde, vocero de la Direcci\u00f3n de Concesiones de la Prefectura del Guayas.<\/p>\n<p>La obra incluy\u00f3 se\u00f1alizaci\u00f3n horizontal y vertical en todo el tramo, iluminaci\u00f3n LED y cuatro paraderos de buses. \u201cPodemos salir y en la noche con el alumbrado que han puesto nos sentimos como quien dice un poquito m\u00e1s seguros, porque nosotros ya vemos, ya divisamos y podemos ver en realidad lo que sucede\u201d, mencion\u00f3 David<br \/>\nRomero, quien reside en el sector R\u00edo Nuevo del cant\u00f3n Isidro Ayora.<\/p>\n<p>Los trabajos se desarrollaron durante 18 meses bajo el modelo de v\u00eda concesionada, lo que garantiza un mantenimiento permanente, seguridad 24\/7 y eficiencia operativa. De esta forma, la Prefectura consolida la infraestructura vial en Guayas, impulsando la productividad y fortaleciendo la movilidad del pa\u00eds.<\/p>\n","protected":false},"excerpt":{"rendered":"<p>Guayaquil.- El pasado 11 de septiembre, la prefecta del Guayas, Marcela Agui\u00f1aga, entreg\u00f3 la obra de ampliaci\u00f3n de la v\u00eda Nobol\u2013La Cadena, un proyecto estrat\u00e9gico que se ejecut\u00f3 en un tramo de 4,1 kil\u00f3metros y transform\u00f3 esta arteria de dos a cuatro carriles. La intervenci\u00f3n beneficia de manera directa a m\u00e1s de 85.000 habitantes de [&hellip;]<\/p>\n","protected":false},"author":2,"featured_media":44234,"comment_status":"open","ping_status":"closed","sticky":false,"template":"","format":"standard","meta":{"_jetpack_memberships_contains_paid_content":false,"footnotes":""},"categories":[13],"tags":[2699],"class_list":["post-44233","post","type-post","status-publish","format-standard","has-post-thumbnail","hentry","category-noticias-nacionales","tag-prefecta-marcela-aguinaga"],"jetpack_featured_media_url":"https:\/\/radiocresatelital.com\/wp-content\/uploads\/2025\/12\/WhatsApp-Image-2025-12-17-at-10.49.27.jpeg","jetpack_sharing_enabled":true,"_links":{"self":[{"href":"https:\/\/radiocresatelital.com\/index.php?rest_route=\/wp\/v2\/posts\/44233","targetHints":{"allow":["GET"]}}],"collection":[{"href":"https:\/\/radiocresatelital.com\/index.php?rest_route=\/wp\/v2\/posts"}],"about":[{"href":"https:\/\/radiocresatelital.com\/index.php?rest_route=\/wp\/v2\/types\/post"}],"author":[{"embeddable":true,"href":"https:\/\/radiocresatelital.com\/index.php?rest_route=\/wp\/v2\/users\/2"}],"replies":[{"embeddable":true,"href":"https:\/\/radiocresatelital.com\/index.php?rest_route=%2Fwp%2Fv2%2Fcomments&post=44233"}],"version-history":[{"count":1,"href":"https:\/\/radiocresatelital.com\/index.php?rest_route=\/wp\/v2\/posts\/44233\/revisions"}],"predecessor-version":[{"id":44235,"href":"https:\/\/radiocresatelital.com\/index.php?rest_route=\/wp\/v2\/posts\/44233\/revisions\/44235"}],"wp:featuredmedia":[{"embeddable":true,"href":"https:\/\/radiocresatelital.com\/index.php?rest_route=\/wp\/v2\/media\/44234"}],"wp:attachment":[{"href":"https:\/\/radiocresatelital.com\/index.php?rest_route=%2Fwp%2Fv2%2Fmedia&parent=44233"}],"wp:term":[{"taxonomy":"category","embeddable":true,"href":"https:\/\/radiocresatelital.com\/index.php?rest_route=%2Fwp%2Fv2%2Fcategories&post=44233"},{"taxonomy":"post_tag","embeddable":true,"href":"https:\/\/radiocresatelital.com\/index.php?rest_route=%2Fwp%2Fv2%2Ftags&post=44233"}],"curies":[{"name":"wp","href":"https:\/\/api.w.org\/{rel}","templated":true}]}}