{"id":44218,"date":"2025-12-17T14:21:54","date_gmt":"2025-12-17T14:21:54","guid":{"rendered":"https:\/\/radiocresatelital.com\/?p=44218"},"modified":"2025-12-17T14:21:54","modified_gmt":"2025-12-17T14:21:54","slug":"masacre-en-manabi-siete-personas-fueron-asesinadas-en-la-terraza-de-una-vivienda-en-el-centro-de-portoviejo","status":"publish","type":"post","link":"https:\/\/radiocresatelital.com\/?p=44218","title":{"rendered":"Masacre en Manab\u00ed: siete personas fueron asesinadas en la terraza de una vivienda en el centro de Portoviejo"},"content":{"rendered":"<p data-start=\"222\" data-end=\"708\">Portoviejo.- La violencia criminal volvi\u00f3 a golpear con fuerza a la ciudad de Portoviejo, capital de la provincia de Manab\u00ed, donde siete personas fueron asesinadas la noche del martes 16 de diciembre de 2025 en la terraza de una vivienda ubicada en el centro de la ciudad, espec\u00edficamente en la intersecci\u00f3n de las calles Sucre y Espejo. El hecho ha causado conmoci\u00f3n entre los habitantes y se suma a la larga lista de cr\u00edmenes m\u00faltiples que afectan a esta provincia costera.<\/p>\n<p data-start=\"710\" data-end=\"1320\">De acuerdo con informaci\u00f3n preliminar proporcionada por las autoridades, el ataque ocurri\u00f3 pasadas las 23:30, cuando sujetos fuertemente armados ingresaron a la parte alta del inmueble y abrieron fuego contra un grupo de personas que se encontraba reunido en un espacio tipo terraza. En el lugar, la Polic\u00eda confirm\u00f3 inicialmente la muerte de seis personas, mientras que una s\u00e9ptima v\u00edctima fue trasladada con heridas graves a una casa de salud. Sin embargo, la ma\u00f1ana del mi\u00e9rcoles 17 de diciembre, se confirm\u00f3 el fallecimiento de esta \u00faltima, elevando a siete el n\u00famero total de v\u00edctimas.<\/p>\n<p data-start=\"1322\" data-end=\"1816\">El inmueble donde ocurri\u00f3 el crimen habr\u00eda sido alquilado apenas tres d\u00edas antes por las personas que se encontraban en el lugar, un detalle que ahora forma parte de las investigaciones, ya que podr\u00eda estar relacionado con el m\u00f3vil del ataque. Agentes de la Polic\u00eda Nacional y de Criminal\u00edstica acordonaron la zona para levantar indicios bal\u00edsticos, recoger testimonios de vecinos y avanzar en la identificaci\u00f3n de las v\u00edctimas, cuyos nombres no han sido revelados hasta el momento.<\/p>\n<p data-start=\"1818\" data-end=\"2274\">Este hecho se convierte en el asesinato m\u00faltiple n\u00famero 21 registrado en Manab\u00ed en lo que va del a\u00f1o 2025, una cifra que refleja la grave crisis de seguridad que atraviesa la provincia. Portoviejo se ubica como el segundo distrito m\u00e1s violento de Manab\u00ed, solo por detr\u00e1s del distrito Manta\u2013Montecristi\u2013Jaramij\u00f3, donde hasta el 20 de noviembre de 2025 se contabilizaron 464 muertes violentas, superando incluso las cifras de a\u00f1os anteriores.<\/p>\n<p data-start=\"2276\" data-end=\"2721\">Las autoridades vinculan esta escalada de violencia a la disputa territorial entre organizaciones criminales, entre las que se encuentran Los Choneros, Los Lobos, Los R, y el grupo emergente G-200, surgido tras la fragmentaci\u00f3n de estructuras delictivas en la provincia. Estas bandas se disputan rutas del narcotr\u00e1fico, extorsiones y otros delitos, lo que ha convertido a Manab\u00ed en uno de los principales focos de violencia del pa\u00eds.<\/p>\n<p data-start=\"2723\" data-end=\"3154\">La masacre en el centro de Portoviejo vuelve a encender las alarmas sobre la capacidad del Estado para contener el crimen organizado, incluso en zonas urbanas y c\u00e9ntricas, y refuerza el temor ciudadano ante la normalizaci\u00f3n de hechos violentos de gran magnitud. Mientras contin\u00faan las investigaciones, la ciudadan\u00eda exige respuestas concretas y mayor presencia policial y militar para frenar una violencia que no da tregua.<\/p>\n","protected":false},"excerpt":{"rendered":"<p>Portoviejo.- La violencia criminal volvi\u00f3 a golpear con fuerza a la ciudad de Portoviejo, capital de la provincia de Manab\u00ed, donde siete personas fueron asesinadas la noche del martes 16 de diciembre de 2025 en la terraza de una vivienda ubicada en el centro de la ciudad, espec\u00edficamente en la intersecci\u00f3n de las calles Sucre [&hellip;]<\/p>\n","protected":false},"author":17,"featured_media":44219,"comment_status":"open","ping_status":"closed","sticky":false,"template":"","format":"standard","meta":{"_jetpack_memberships_contains_paid_content":false,"footnotes":""},"categories":[13],"tags":[7126],"class_list":["post-44218","post","type-post","status-publish","format-standard","has-post-thumbnail","hentry","category-noticias-nacionales","tag-portoviejo-manabi-masacre-muertesviolentas-crimenorganizado"],"jetpack_featured_media_url":"https:\/\/radiocresatelital.com\/wp-content\/uploads\/2025\/12\/68a784cc7365c.r_d.1388-1158-2983-5.jpeg","jetpack_sharing_enabled":true,"_links":{"self":[{"href":"https:\/\/radiocresatelital.com\/index.php?rest_route=\/wp\/v2\/posts\/44218","targetHints":{"allow":["GET"]}}],"collection":[{"href":"https:\/\/radiocresatelital.com\/index.php?rest_route=\/wp\/v2\/posts"}],"about":[{"href":"https:\/\/radiocresatelital.com\/index.php?rest_route=\/wp\/v2\/types\/post"}],"author":[{"embeddable":true,"href":"https:\/\/radiocresatelital.com\/index.php?rest_route=\/wp\/v2\/users\/17"}],"replies":[{"embeddable":true,"href":"https:\/\/radiocresatelital.com\/index.php?rest_route=%2Fwp%2Fv2%2Fcomments&post=44218"}],"version-history":[{"count":1,"href":"https:\/\/radiocresatelital.com\/index.php?rest_route=\/wp\/v2\/posts\/44218\/revisions"}],"predecessor-version":[{"id":44220,"href":"https:\/\/radiocresatelital.com\/index.php?rest_route=\/wp\/v2\/posts\/44218\/revisions\/44220"}],"wp:featuredmedia":[{"embeddable":true,"href":"https:\/\/radiocresatelital.com\/index.php?rest_route=\/wp\/v2\/media\/44219"}],"wp:attachment":[{"href":"https:\/\/radiocresatelital.com\/index.php?rest_route=%2Fwp%2Fv2%2Fmedia&parent=44218"}],"wp:term":[{"taxonomy":"category","embeddable":true,"href":"https:\/\/radiocresatelital.com\/index.php?rest_route=%2Fwp%2Fv2%2Fcategories&post=44218"},{"taxonomy":"post_tag","embeddable":true,"href":"https:\/\/radiocresatelital.com\/index.php?rest_route=%2Fwp%2Fv2%2Ftags&post=44218"}],"curies":[{"name":"wp","href":"https:\/\/api.w.org\/{rel}","templated":true}]}}