{"id":44212,"date":"2025-12-17T14:13:43","date_gmt":"2025-12-17T14:13:43","guid":{"rendered":"https:\/\/radiocresatelital.com\/?p=44212"},"modified":"2025-12-17T14:13:43","modified_gmt":"2025-12-17T14:13:43","slug":"victima-de-secuestro-huye-de-sus-captores-y-se-refugia-en-un-centro-comercial-de-samborondon","status":"publish","type":"post","link":"https:\/\/radiocresatelital.com\/?p=44212","title":{"rendered":"V\u00edctima de secuestro huye de sus captores y se refugia en un centro comercial de Samborond\u00f3n"},"content":{"rendered":"<p data-start=\"221\" data-end=\"682\">Samborond\u00f3n.- Momentos de tensi\u00f3n se vivieron la noche del 16 de diciembre de 2025 en el centro comercial Village Plaza, ubicado en la v\u00eda a Samborond\u00f3n, luego de que una v\u00edctima de secuestro lograra escapar de sus captores y buscar refugio en el interior del establecimiento. El hecho provoc\u00f3 un operativo inmediato de la Unidad Nacional Antisecuestros y Extorsi\u00f3n (UNASE) de la Polic\u00eda Nacional, lo que gener\u00f3 alarma entre clientes y trabajadores del lugar.<\/p>\n<p data-start=\"684\" data-end=\"1102\">Seg\u00fan informaci\u00f3n confirmada por la administraci\u00f3n del centro comercial, la v\u00edctima ingres\u00f3 desde la calle directamente a un supermercado del complejo comercial para pedir ayuda, tras haber logrado liberarse de los secuestradores. De manera simult\u00e1nea, agentes de la UNASE, que ya segu\u00edan a los sospechosos desde el kil\u00f3metro 26 de la v\u00eda a Samborond\u00f3n, ingresaron al centro comercial para ejecutar su captura.<\/p>\n<p data-start=\"1104\" data-end=\"1531\">Videos difundidos en redes sociales mostraron a los polic\u00edas moviliz\u00e1ndose de forma r\u00e1pida por los pasillos del centro comercial, lo que fue interpretado por algunos ciudadanos como una persecuci\u00f3n en curso. Sin embargo, las autoridades y los administradores del lugar aclararon posteriormente que no se registraron tiroteos, enfrentamientos armados ni personas heridas, y que la situaci\u00f3n fue controlada de forma oportuna.<\/p>\n<p data-start=\"1533\" data-end=\"1860\">El ministro del Interior, John Reimberg, confirm\u00f3 el operativo a trav\u00e9s de la red social X, indicando que se trat\u00f3 de una acci\u00f3n policial contra presuntos secuestradores y que la seguridad de los ciudadanos estuvo garantizada en todo momento. Asimismo, se\u00f1al\u00f3 que la situaci\u00f3n qued\u00f3 bajo control de la Polic\u00eda Nacional.<\/p>\n<p data-start=\"1862\" data-end=\"2221\">Con apoyo del personal de seguridad privada del centro comercial, la v\u00edctima recibi\u00f3 asistencia inmediata y fue puesta a salvo. De acuerdo con la informaci\u00f3n disponible, el ciudadano se encuentra fuera de peligro, aunque las autoridades no han revelado su identidad ni mayores detalles sobre las circunstancias del secuestro, por razones de seguridad.<\/p>\n<p data-start=\"2223\" data-end=\"2693\">Hasta la ma\u00f1ana del 17 de diciembre, la Polic\u00eda Nacional no ha emitido un pronunciamiento oficial ampliado sobre este caso, ni ha confirmado si hubo detenidos como resultado del operativo. No obstante, el hecho vuelve a poner en evidencia la problem\u00e1tica del secuestro y la inseguridad, incluso en zonas consideradas de alta plusval\u00eda como Samborond\u00f3n, y resalta la importancia de la respuesta r\u00e1pida de las unidades especializadas frente a este tipo de delitos.<\/p>\n","protected":false},"excerpt":{"rendered":"<p>Samborond\u00f3n.- Momentos de tensi\u00f3n se vivieron la noche del 16 de diciembre de 2025 en el centro comercial Village Plaza, ubicado en la v\u00eda a Samborond\u00f3n, luego de que una v\u00edctima de secuestro lograra escapar de sus captores y buscar refugio en el interior del establecimiento. El hecho provoc\u00f3 un operativo inmediato de la Unidad [&hellip;]<\/p>\n","protected":false},"author":17,"featured_media":44213,"comment_status":"open","ping_status":"closed","sticky":false,"template":"","format":"standard","meta":{"_jetpack_memberships_contains_paid_content":false,"footnotes":""},"categories":[33,13],"tags":[7125],"class_list":["post-44212","post","type-post","status-publish","format-standard","has-post-thumbnail","hentry","category-guayaquil","category-noticias-nacionales","tag-samborondon-guayas-secuestro-unase-policianacional-operativopolicial"],"jetpack_featured_media_url":"https:\/\/radiocresatelital.com\/wp-content\/uploads\/2025\/12\/68a784cc7365c.r_d.1388-1158-2983-4.jpeg","jetpack_sharing_enabled":true,"_links":{"self":[{"href":"https:\/\/radiocresatelital.com\/index.php?rest_route=\/wp\/v2\/posts\/44212","targetHints":{"allow":["GET"]}}],"collection":[{"href":"https:\/\/radiocresatelital.com\/index.php?rest_route=\/wp\/v2\/posts"}],"about":[{"href":"https:\/\/radiocresatelital.com\/index.php?rest_route=\/wp\/v2\/types\/post"}],"author":[{"embeddable":true,"href":"https:\/\/radiocresatelital.com\/index.php?rest_route=\/wp\/v2\/users\/17"}],"replies":[{"embeddable":true,"href":"https:\/\/radiocresatelital.com\/index.php?rest_route=%2Fwp%2Fv2%2Fcomments&post=44212"}],"version-history":[{"count":1,"href":"https:\/\/radiocresatelital.com\/index.php?rest_route=\/wp\/v2\/posts\/44212\/revisions"}],"predecessor-version":[{"id":44214,"href":"https:\/\/radiocresatelital.com\/index.php?rest_route=\/wp\/v2\/posts\/44212\/revisions\/44214"}],"wp:featuredmedia":[{"embeddable":true,"href":"https:\/\/radiocresatelital.com\/index.php?rest_route=\/wp\/v2\/media\/44213"}],"wp:attachment":[{"href":"https:\/\/radiocresatelital.com\/index.php?rest_route=%2Fwp%2Fv2%2Fmedia&parent=44212"}],"wp:term":[{"taxonomy":"category","embeddable":true,"href":"https:\/\/radiocresatelital.com\/index.php?rest_route=%2Fwp%2Fv2%2Fcategories&post=44212"},{"taxonomy":"post_tag","embeddable":true,"href":"https:\/\/radiocresatelital.com\/index.php?rest_route=%2Fwp%2Fv2%2Ftags&post=44212"}],"curies":[{"name":"wp","href":"https:\/\/api.w.org\/{rel}","templated":true}]}}