{"id":44206,"date":"2025-12-17T13:26:12","date_gmt":"2025-12-17T13:26:12","guid":{"rendered":"https:\/\/radiocresatelital.com\/?p=44206"},"modified":"2025-12-17T13:26:12","modified_gmt":"2025-12-17T13:26:12","slug":"estados-unidos-envia-personal-de-su-fuerza-aerea-a-la-base-de-la-fae-en-manta-para-una-operacion-temporal","status":"publish","type":"post","link":"https:\/\/radiocresatelital.com\/?p=44206","title":{"rendered":"Estados Unidos env\u00eda personal de su Fuerza A\u00e9rea a la base de la FAE en Manta para una operaci\u00f3n temporal"},"content":{"rendered":"<p data-start=\"222\" data-end=\"737\">Manta .-La Embajada de Estados Unidos en Ecuador confirm\u00f3 el env\u00edo de personal de la Fuerza A\u00e9rea estadounidense a la Base A\u00e9rea Eloy Alfaro de la FAE en Manta, provincia de Manab\u00ed, para ejecutar una operaci\u00f3n temporal conjunta con las Fuerzas Armadas ecuatorianas. Seg\u00fan el comunicado oficial, esta presencia se realiza en concordancia con los acuerdos vigentes entre ambos pa\u00edses y conforme a la ley ecuatoriana, descartando, al menos formalmente, la instalaci\u00f3n de una base militar extranjera permanente.<\/p>\n<p data-start=\"739\" data-end=\"1314\">El objetivo principal de esta operaci\u00f3n es fortalecer la cooperaci\u00f3n bilateral en la lucha contra el narcotr\u00e1fico, una de las principales amenazas a la seguridad nacional del Ecuador. La Embajada estadounidense se\u00f1al\u00f3 que el despliegue permitir\u00e1 mejorar las capacidades operativas de las fuerzas militares ecuatorianas, especialmente en \u00e1reas como la recopilaci\u00f3n de inteligencia, el monitoreo a\u00e9reo y mar\u00edtimo, y las operaciones contra organizaciones criminales transnacionales, a las que el Gobierno ecuatoriano ha catalogado como narco-terroristas.<\/p>\n<p data-start=\"1316\" data-end=\"1900\">Este anuncio se produce en un contexto regional marcado por un mayor involucramiento de Estados Unidos en materia de seguridad en Am\u00e9rica Latina, evidenciado recientemente tambi\u00e9n por el arribo de personal militar estadounidense a Per\u00fa y por acuerdos de cooperaci\u00f3n firmados con otros pa\u00edses como Paraguay. En el caso ecuatoriano, la cooperaci\u00f3n se enmarca en la estrategia del presidente Daniel Noboa, quien ha priorizado el combate frontal contra el crimen organizado ante el incremento de la violencia, el narcotr\u00e1fico y la penetraci\u00f3n de mafias internacionales en el pa\u00eds.<\/p>\n<p data-start=\"1902\" data-end=\"2506\">La presencia de personal militar estadounidense en Manta no es un hecho nuevo en la historia reciente del Ecuador. Entre finales de la d\u00e9cada de 1990 y el a\u00f1o 2009, Estados Unidos oper\u00f3 en esta misma base el denominado Forward Operating Location (FOL), desde donde se realizaban misiones de detecci\u00f3n a\u00e9rea de rutas del narcotr\u00e1fico y tr\u00e1fico de migrantes en el Pac\u00edfico oriental. Sin embargo, dicho acuerdo fue terminado durante el gobierno del expresidente Rafael Correa, quien impuls\u00f3 una pol\u00edtica de soberan\u00eda que prohibi\u00f3 la instalaci\u00f3n de bases militares extranjeras en territorio nacional.<\/p>\n<p data-start=\"2508\" data-end=\"3041\">Este antecedente vuelve a generar debate pol\u00edtico y social. Aunque el actual despliegue es descrito como \u201ctemporal\u201d y bajo control ecuatoriano, sectores cr\u00edticos recuerdan que en un refer\u00e9ndum reciente, m\u00e1s del 60 % de la ciudadan\u00eda vot\u00f3 en contra de permitir bases militares extranjeras en el pa\u00eds. Esto plantea interrogantes sobre los l\u00edmites entre una cooperaci\u00f3n militar puntual y una presencia prolongada de fuerzas extranjeras, as\u00ed como sobre los mecanismos de control, transparencia y rendici\u00f3n de cuentas.<\/p>\n<p data-start=\"3043\" data-end=\"3423\">El anuncio tambi\u00e9n se da semanas despu\u00e9s de la visita a Ecuador de Kristi Noem, secretaria de Seguridad Nacional de Estados Unidos, quien junto al presidente Noboa recorri\u00f3 las bases de Manta y Salinas. Esta visita reforz\u00f3 la se\u00f1al de que Ecuador se ha convertido en un aliado estrat\u00e9gico de Washington en la lucha contra el narcotr\u00e1fico en la regi\u00f3n andina y el Pac\u00edfico.<\/p>\n<p data-start=\"3425\" data-end=\"3999\">En conclusi\u00f3n, la llegada de personal de la Fuerza A\u00e9rea de Estados Unidos a Manta representa un nuevo cap\u00edtulo en la cooperaci\u00f3n militar entre Ecuador y Estados Unidos, en un momento cr\u00edtico para la seguridad interna del pa\u00eds. Si bien el Gobierno sostiene que se trata de una operaci\u00f3n temporal y legal, el tema seguir\u00e1 generando discusi\u00f3n sobre soberan\u00eda, seguridad, eficacia en la lucha contra el narcotr\u00e1fico y voluntad popular, en un escenario donde la violencia y el crimen organizado contin\u00faan siendo una de las principales preocupaciones de los ecuatorianos.<\/p>\n","protected":false},"excerpt":{"rendered":"<p>Manta .-La Embajada de Estados Unidos en Ecuador confirm\u00f3 el env\u00edo de personal de la Fuerza A\u00e9rea estadounidense a la Base A\u00e9rea Eloy Alfaro de la FAE en Manta, provincia de Manab\u00ed, para ejecutar una operaci\u00f3n temporal conjunta con las Fuerzas Armadas ecuatorianas. Seg\u00fan el comunicado oficial, esta presencia se realiza en concordancia con los [&hellip;]<\/p>\n","protected":false},"author":17,"featured_media":44210,"comment_status":"open","ping_status":"closed","sticky":false,"template":"","format":"standard","meta":{"_jetpack_memberships_contains_paid_content":false,"footnotes":""},"categories":[13],"tags":[7124],"class_list":["post-44206","post","type-post","status-publish","format-standard","has-post-thumbnail","hentry","category-noticias-nacionales","tag-estadosunidos-ecuador-basedemanta-fae-danielnoboa-seguridad-narcotrafico-cooperacionmilitar-soberania-fuerzasarmadas-politicaecuatoriana-manabi"],"jetpack_featured_media_url":"https:\/\/radiocresatelital.com\/wp-content\/uploads\/2025\/12\/gira-argentina.jpg","jetpack_sharing_enabled":true,"_links":{"self":[{"href":"https:\/\/radiocresatelital.com\/index.php?rest_route=\/wp\/v2\/posts\/44206","targetHints":{"allow":["GET"]}}],"collection":[{"href":"https:\/\/radiocresatelital.com\/index.php?rest_route=\/wp\/v2\/posts"}],"about":[{"href":"https:\/\/radiocresatelital.com\/index.php?rest_route=\/wp\/v2\/types\/post"}],"author":[{"embeddable":true,"href":"https:\/\/radiocresatelital.com\/index.php?rest_route=\/wp\/v2\/users\/17"}],"replies":[{"embeddable":true,"href":"https:\/\/radiocresatelital.com\/index.php?rest_route=%2Fwp%2Fv2%2Fcomments&post=44206"}],"version-history":[{"count":1,"href":"https:\/\/radiocresatelital.com\/index.php?rest_route=\/wp\/v2\/posts\/44206\/revisions"}],"predecessor-version":[{"id":44211,"href":"https:\/\/radiocresatelital.com\/index.php?rest_route=\/wp\/v2\/posts\/44206\/revisions\/44211"}],"wp:featuredmedia":[{"embeddable":true,"href":"https:\/\/radiocresatelital.com\/index.php?rest_route=\/wp\/v2\/media\/44210"}],"wp:attachment":[{"href":"https:\/\/radiocresatelital.com\/index.php?rest_route=%2Fwp%2Fv2%2Fmedia&parent=44206"}],"wp:term":[{"taxonomy":"category","embeddable":true,"href":"https:\/\/radiocresatelital.com\/index.php?rest_route=%2Fwp%2Fv2%2Fcategories&post=44206"},{"taxonomy":"post_tag","embeddable":true,"href":"https:\/\/radiocresatelital.com\/index.php?rest_route=%2Fwp%2Fv2%2Ftags&post=44206"}],"curies":[{"name":"wp","href":"https:\/\/api.w.org\/{rel}","templated":true}]}}