{"id":44200,"date":"2025-12-17T02:40:59","date_gmt":"2025-12-17T02:40:59","guid":{"rendered":"https:\/\/radiocresatelital.com\/?p=44200"},"modified":"2025-12-17T02:40:59","modified_gmt":"2025-12-17T02:40:59","slug":"inamhi-alerta-sobre-lluvias-y-tormentas-electricas-en-la-amazonia-y-sierra-del-17-al-20-de-diciembre","status":"publish","type":"post","link":"https:\/\/radiocresatelital.com\/?p=44200","title":{"rendered":"Inamhi alerta sobre lluvias y tormentas el\u00e9ctricas en la Amazon\u00eda y Sierra del 17 al 20 de diciembre"},"content":{"rendered":"<p>Quito.- El 16 de diciembre de 2025, el Instituto Nacional de Meteorolog\u00eda e Hidrolog\u00eda (Inamhi) inform\u00f3 sobre el retorno de lluvias con tormentas el\u00e9ctricas en la Amazon\u00eda y en algunas zonas de la Sierra, en medio de un invierno at\u00edpico en Ecuador. La alerta meteorol\u00f3gica 68 detalla que las precipitaciones se registrar\u00e1n desde las 13:00 del mi\u00e9rcoles 17 de diciembre hasta las 13:00 del s\u00e1bado 20 de diciembre.<\/p>\n<p>El Inamhi explic\u00f3 que las lluvias se deben a la inestabilidad atmosf\u00e9rica causada por el transporte de humedad desde el sur del continente y de la cuenca amaz\u00f3nica. Las \u00e1reas m\u00e1s afectadas en la Amazon\u00eda incluyen gran parte de Orellana, Pastaza, Morona Santiago y Zamora Chinchipe, as\u00ed como zonas de Sucumb\u00edos y Napo.<\/p>\n<p>En la Sierra, se esperan lluvias de nivel medio en la zona oeste de Carchi, Imbabura y Pichincha; zona norte de Pichincha; zona este de Carchi, Imbabura, Pichincha, Tungurahua, Chimborazo, Ca\u00f1ar y Loja; y gran parte de Azuay. En la Costa, las precipitaciones ser\u00e1n focalizadas, principalmente en la zona este de Esmeraldas, Santo Domingo de los Ts\u00e1chilas y parte alta de El Oro.<\/p>\n<p>El Inamhi advirti\u00f3 que estas lluvias podr\u00edan generar acumulaci\u00f3n de agua en hogares, negocios y v\u00edas susceptibles, provocando posibles deslizamientos de tierra, ca\u00edda de \u00e1rboles y niebla que afecten la movilidad. Esta alerta llega tras semanas de intensas temperaturas diurnas que hab\u00edan incrementado el riesgo de incendios forestales en algunas regiones del pa\u00eds.<\/p>\n","protected":false},"excerpt":{"rendered":"<p>Quito.- El 16 de diciembre de 2025, el Instituto Nacional de Meteorolog\u00eda e Hidrolog\u00eda (Inamhi) inform\u00f3 sobre el retorno de lluvias con tormentas el\u00e9ctricas en la Amazon\u00eda y en algunas zonas de la Sierra, en medio de un invierno at\u00edpico en Ecuador. La alerta meteorol\u00f3gica 68 detalla que las precipitaciones se registrar\u00e1n desde las 13:00 [&hellip;]<\/p>\n","protected":false},"author":17,"featured_media":44201,"comment_status":"open","ping_status":"closed","sticky":false,"template":"","format":"standard","meta":{"_jetpack_memberships_contains_paid_content":false,"footnotes":""},"categories":[13],"tags":[7122],"class_list":["post-44200","post","type-post","status-publish","format-standard","has-post-thumbnail","hentry","category-noticias-nacionales","tag-inamhi-climaecuador-lluvias-tormentaselectricas-sierra-amazonia-pronosticodeltiempo-ecuador"],"jetpack_featured_media_url":"https:\/\/radiocresatelital.com\/wp-content\/uploads\/2025\/12\/descarga-1-24.jpeg","jetpack_sharing_enabled":true,"_links":{"self":[{"href":"https:\/\/radiocresatelital.com\/index.php?rest_route=\/wp\/v2\/posts\/44200","targetHints":{"allow":["GET"]}}],"collection":[{"href":"https:\/\/radiocresatelital.com\/index.php?rest_route=\/wp\/v2\/posts"}],"about":[{"href":"https:\/\/radiocresatelital.com\/index.php?rest_route=\/wp\/v2\/types\/post"}],"author":[{"embeddable":true,"href":"https:\/\/radiocresatelital.com\/index.php?rest_route=\/wp\/v2\/users\/17"}],"replies":[{"embeddable":true,"href":"https:\/\/radiocresatelital.com\/index.php?rest_route=%2Fwp%2Fv2%2Fcomments&post=44200"}],"version-history":[{"count":1,"href":"https:\/\/radiocresatelital.com\/index.php?rest_route=\/wp\/v2\/posts\/44200\/revisions"}],"predecessor-version":[{"id":44202,"href":"https:\/\/radiocresatelital.com\/index.php?rest_route=\/wp\/v2\/posts\/44200\/revisions\/44202"}],"wp:featuredmedia":[{"embeddable":true,"href":"https:\/\/radiocresatelital.com\/index.php?rest_route=\/wp\/v2\/media\/44201"}],"wp:attachment":[{"href":"https:\/\/radiocresatelital.com\/index.php?rest_route=%2Fwp%2Fv2%2Fmedia&parent=44200"}],"wp:term":[{"taxonomy":"category","embeddable":true,"href":"https:\/\/radiocresatelital.com\/index.php?rest_route=%2Fwp%2Fv2%2Fcategories&post=44200"},{"taxonomy":"post_tag","embeddable":true,"href":"https:\/\/radiocresatelital.com\/index.php?rest_route=%2Fwp%2Fv2%2Ftags&post=44200"}],"curies":[{"name":"wp","href":"https:\/\/api.w.org\/{rel}","templated":true}]}}