{"id":44129,"date":"2025-12-16T18:02:57","date_gmt":"2025-12-16T18:02:57","guid":{"rendered":"https:\/\/radiocresatelital.com\/?p=44129"},"modified":"2025-12-16T21:04:29","modified_gmt":"2025-12-16T21:04:29","slug":"decrecimiento-demografico-desafio-global-que-redefine-la-economia-y-la-sociedad","status":"publish","type":"post","link":"https:\/\/radiocresatelital.com\/?p=44129","title":{"rendered":"Decrecimiento demogr\u00e1fico: desaf\u00edo global que redefine la econom\u00eda y la sociedad"},"content":{"rendered":"<p>Quito.- Las sociedades del mundo est\u00e1n envejeciendo, incluso en Am\u00e9rica Latina. Cada a\u00f1o nacen menos ni\u00f1os y aumentan los adultos mayores, un fen\u00f3meno que no s\u00f3lo redefine la estructura poblacional, sino que tambi\u00e9n transforma la econom\u00eda, mercado laboral, sistema de pensiones, consumo y producci\u00f3n de alimentos.<\/p>\n<p>Seg\u00fan proyecciones internacionales, en este mismo siglo la poblaci\u00f3n mundial comenzar\u00e1 a disminuir y cada vez habr\u00e1 m\u00e1s adultos mayores y menos j\u00f3venes. China, por ejemplo, perder\u00e1 alrededor de 800 millones de habitantes hacia el a\u00f1o 2100, pasando de 1.400 millones a cerca de 600 millones, una se\u00f1al clara de que el cambio ya est\u00e1 en marcha.<\/p>\n<p>Un estudio publicado en marzo 2025 en la revista Cambridge Journal of Regions, Economy and Society, liderado por la profesora Mildred Warner de Cornell University, y profesora adjunta de la Universidad San Francisco de Quito USFQ, Jonathan Guillemot de la Universidad San Francisco de Quito USFQ, y profesora Xue Zhang de Penn State University, advierte que el modelo actual de crecimiento econ\u00f3mico tendr\u00e1 que cambiar ante la reducci\u00f3n de la poblaci\u00f3n activa y el envejecimiento global.<\/p>\n<p>\u00bfCu\u00e1les son unos de los enfoques y soluciones que se deben tomar en cuenta para aplicar a esta coyuntura? El informe aborda el concepto de \u201cCare Economy\u201d o econom\u00eda del cuidado, que reconoce el valor econ\u00f3mico y social del trabajo de atenci\u00f3n a los adultos mayores entre otros servicios esenciales, muchos de los cuales hoy no se contabilizan en el Producto Interno Bruto (PIB). Revalorizar y fortalecer este sector ser\u00e1 clave para sostener la cohesi\u00f3n social en las pr\u00f3ximas d\u00e9cadas.<\/p>\n<p>\u201cNi Europa, ni Estados Unidos est\u00e1n desarrollando pol\u00edticas p\u00fablicas profundas para enfrentar este cambio estructural\u201d, afirma Guillemot. \u201cLos esfuerzos se han centrado en aumentar la natalidad o la inmigraci\u00f3n, pero no en transformar la base econ\u00f3mica para adaptarse a un futuro con menos j\u00f3venes y m\u00e1s adultos mayores\u201d.<\/p>\n<p>La planificacion de las ciudades deber\u00e1n reconfigurarse para responder a las necesidades de una poblaci\u00f3n m\u00e1s envejecida: movilidad, salud, vivienda y espacios inclusivos. Asimismo, la demanda de cuidadores aumentar\u00e1, lo que hace fundamental planificar pol\u00edticas migratorias y de empleo que atiendan esa necesidad.<\/p>\n<p>El decrecimiento demogr\u00e1fico plantea desaf\u00edos importantes, pero tambi\u00e9n abre oportunidades para reinventar la econom\u00eda y las din\u00e1micas sociales. La USFQ refuerza su papel en este debate, contribuyendo con investigaci\u00f3n que permite entender c\u00f3mo estos cambios afectan la sostenibilidad econ\u00f3mica y social a nivel global.<\/p>\n<p>De esta manera, este estudio invita a los gobiernos, sector p\u00fablico, privado y ciudadan\u00eda a repensar desde ahora la manera en que producimos, consumimos y nos cuidamos mutuamente, en un planeta donde el decrecimiento demogr\u00e1fico ser\u00e1 la nueva normalidad. Pueden acceder al art\u00edculo en este enlace.<\/p>\n","protected":false},"excerpt":{"rendered":"<p>Quito.- Las sociedades del mundo est\u00e1n envejeciendo, incluso en Am\u00e9rica Latina. Cada a\u00f1o nacen menos ni\u00f1os y aumentan los adultos mayores, un fen\u00f3meno que no s\u00f3lo redefine la estructura poblacional, sino que tambi\u00e9n transforma la econom\u00eda, mercado laboral, sistema de pensiones, consumo y producci\u00f3n de alimentos. Seg\u00fan proyecciones internacionales, en este mismo siglo la poblaci\u00f3n [&hellip;]<\/p>\n","protected":false},"author":2,"featured_media":44130,"comment_status":"open","ping_status":"closed","sticky":false,"template":"","format":"standard","meta":{"_jetpack_memberships_contains_paid_content":false,"footnotes":""},"categories":[13],"tags":[7104],"class_list":["post-44129","post","type-post","status-publish","format-standard","has-post-thumbnail","hentry","category-noticias-nacionales","tag-decrecimiento-demografico"],"jetpack_featured_media_url":"https:\/\/radiocresatelital.com\/wp-content\/uploads\/2025\/12\/WhatsApp-Image-2025-12-11-at-11.59.33.jpeg","jetpack_sharing_enabled":true,"_links":{"self":[{"href":"https:\/\/radiocresatelital.com\/index.php?rest_route=\/wp\/v2\/posts\/44129","targetHints":{"allow":["GET"]}}],"collection":[{"href":"https:\/\/radiocresatelital.com\/index.php?rest_route=\/wp\/v2\/posts"}],"about":[{"href":"https:\/\/radiocresatelital.com\/index.php?rest_route=\/wp\/v2\/types\/post"}],"author":[{"embeddable":true,"href":"https:\/\/radiocresatelital.com\/index.php?rest_route=\/wp\/v2\/users\/2"}],"replies":[{"embeddable":true,"href":"https:\/\/radiocresatelital.com\/index.php?rest_route=%2Fwp%2Fv2%2Fcomments&post=44129"}],"version-history":[{"count":1,"href":"https:\/\/radiocresatelital.com\/index.php?rest_route=\/wp\/v2\/posts\/44129\/revisions"}],"predecessor-version":[{"id":44131,"href":"https:\/\/radiocresatelital.com\/index.php?rest_route=\/wp\/v2\/posts\/44129\/revisions\/44131"}],"wp:featuredmedia":[{"embeddable":true,"href":"https:\/\/radiocresatelital.com\/index.php?rest_route=\/wp\/v2\/media\/44130"}],"wp:attachment":[{"href":"https:\/\/radiocresatelital.com\/index.php?rest_route=%2Fwp%2Fv2%2Fmedia&parent=44129"}],"wp:term":[{"taxonomy":"category","embeddable":true,"href":"https:\/\/radiocresatelital.com\/index.php?rest_route=%2Fwp%2Fv2%2Fcategories&post=44129"},{"taxonomy":"post_tag","embeddable":true,"href":"https:\/\/radiocresatelital.com\/index.php?rest_route=%2Fwp%2Fv2%2Ftags&post=44129"}],"curies":[{"name":"wp","href":"https:\/\/api.w.org\/{rel}","templated":true}]}}