{"id":44118,"date":"2025-12-16T20:51:01","date_gmt":"2025-12-16T20:51:01","guid":{"rendered":"https:\/\/radiocresatelital.com\/?p=44118"},"modified":"2025-12-16T20:51:11","modified_gmt":"2025-12-16T20:51:11","slug":"homenaje-municipal-destaco-la-trayectoria-de-luis-noboa-icaza","status":"publish","type":"post","link":"https:\/\/radiocresatelital.com\/?p=44118","title":{"rendered":"Homenaje Municipal destac\u00f3 la trayectoria de Luis Noboa Icaza"},"content":{"rendered":"<p>Guayaquil.- La memoria de don Luis Noboa Icaza, patriota y referente c\u00edvico de Guayaquil, fue honrada este martes 16 de diciembre con la develaci\u00f3n de su busto en el parque que lleva su nombre, ubicado en la ciudadela Urdesa. El acto solemne fue organizado por el Municipio de Guayaquil como un reconocimiento a su legado y servicio a la ciudad.<\/p>\n<p>La ceremonia estuvo presidida por la vicealcaldesa Tatiana Coronel Flores, quien encabez\u00f3 este homenaje que evoc\u00f3 la trayectoria y los valores de un ciudadano cuya vida estuvo marcada por el compromiso c\u00edvico y el amor a la patria.<\/p>\n<p>\u201cEs un acto ceremonial que nos trae memorias, gratitud y reconocimiento para una persona que en su vida dej\u00f3 mucha obra, una huella y un legado digno de recordar\u201d, expres\u00f3 la autoridad municipal.<\/p>\n<p>En el evento, que cont\u00f3 con la presencia de familiares de Luis Noboa Icaza e invitados especiales, se realiz\u00f3 la lectura de la semblanza biogr\u00e1fica del homenajeado, en la que se destac\u00f3 su aporte a la historia guayaquile\u00f1a al servir a su ciudad natal como concejal del cant\u00f3n en los per\u00edodos 1940-1941, 1943-1944 y 1949-1950, adem\u00e1s de desempe\u00f1arse como vicepresidente del Muy Ilustre Concejo Cantonal entre 1940 y 1941, cargo equivalente a la actual Vicealcald\u00eda.<\/p>\n<p>En representaci\u00f3n de la familia, el doctor Ricardo Noboa Bejarano intervino con un mensaje de agradecimiento y subray\u00f3 la importancia de preservar la memoria hist\u00f3rica y el ejemplo de vida de don Luis Noboa Icaza para las actuales y futuras generaciones.<\/p>\n<p>\u201cLe agradezco mucho al Municipio de Guayaquil y, de manera muy especial, al se\u00f1or alcalde, por reconocer los valores c\u00edvicos y humanos de personajes que han servido tanto a la ciudad\u201d, manifest\u00f3.<\/p>\n<p>El homenaje concluy\u00f3 con un brindis ofrecido por la familia, en un espacio de encuentro que reafirm\u00f3 el valor de la memoria, la identidad y el reconocimiento a quienes han dejado huella en la historia de Guayaquil. Finalmente, la Muy Ilustre Municipalidad de Guayaquil reiter\u00f3 su agradecimiento a los asistentes y reafirm\u00f3 su compromiso con la preservaci\u00f3n del patrimonio hist\u00f3rico y c\u00edvico de la ciudad.<\/p>\n","protected":false},"excerpt":{"rendered":"<p>Guayaquil.- La memoria de don Luis Noboa Icaza, patriota y referente c\u00edvico de Guayaquil, fue honrada este martes 16 de diciembre con la develaci\u00f3n de su busto en el parque que lleva su nombre, ubicado en la ciudadela Urdesa. El acto solemne fue organizado por el Municipio de Guayaquil como un reconocimiento a su legado [&hellip;]<\/p>\n","protected":false},"author":2,"featured_media":44120,"comment_status":"open","ping_status":"closed","sticky":false,"template":"","format":"standard","meta":{"_jetpack_memberships_contains_paid_content":false,"footnotes":""},"categories":[33,13],"tags":[114],"class_list":["post-44118","post","type-post","status-publish","format-standard","has-post-thumbnail","hentry","category-guayaquil","category-noticias-nacionales","tag-municipio-de-guayaquil"],"jetpack_featured_media_url":"https:\/\/radiocresatelital.com\/wp-content\/uploads\/2025\/12\/1-7-scaled.jpeg","jetpack_sharing_enabled":true,"_links":{"self":[{"href":"https:\/\/radiocresatelital.com\/index.php?rest_route=\/wp\/v2\/posts\/44118","targetHints":{"allow":["GET"]}}],"collection":[{"href":"https:\/\/radiocresatelital.com\/index.php?rest_route=\/wp\/v2\/posts"}],"about":[{"href":"https:\/\/radiocresatelital.com\/index.php?rest_route=\/wp\/v2\/types\/post"}],"author":[{"embeddable":true,"href":"https:\/\/radiocresatelital.com\/index.php?rest_route=\/wp\/v2\/users\/2"}],"replies":[{"embeddable":true,"href":"https:\/\/radiocresatelital.com\/index.php?rest_route=%2Fwp%2Fv2%2Fcomments&post=44118"}],"version-history":[{"count":1,"href":"https:\/\/radiocresatelital.com\/index.php?rest_route=\/wp\/v2\/posts\/44118\/revisions"}],"predecessor-version":[{"id":44121,"href":"https:\/\/radiocresatelital.com\/index.php?rest_route=\/wp\/v2\/posts\/44118\/revisions\/44121"}],"wp:featuredmedia":[{"embeddable":true,"href":"https:\/\/radiocresatelital.com\/index.php?rest_route=\/wp\/v2\/media\/44120"}],"wp:attachment":[{"href":"https:\/\/radiocresatelital.com\/index.php?rest_route=%2Fwp%2Fv2%2Fmedia&parent=44118"}],"wp:term":[{"taxonomy":"category","embeddable":true,"href":"https:\/\/radiocresatelital.com\/index.php?rest_route=%2Fwp%2Fv2%2Fcategories&post=44118"},{"taxonomy":"post_tag","embeddable":true,"href":"https:\/\/radiocresatelital.com\/index.php?rest_route=%2Fwp%2Fv2%2Ftags&post=44118"}],"curies":[{"name":"wp","href":"https:\/\/api.w.org\/{rel}","templated":true}]}}