{"id":44112,"date":"2025-12-16T20:42:06","date_gmt":"2025-12-16T20:42:06","guid":{"rendered":"https:\/\/radiocresatelital.com\/?p=44112"},"modified":"2025-12-16T20:42:06","modified_gmt":"2025-12-16T20:42:06","slug":"picnic-navideno-reunio-a-ninos-con-discapacidad-y-sus-familias-en-el-parque-forestal","status":"publish","type":"post","link":"https:\/\/radiocresatelital.com\/?p=44112","title":{"rendered":"Picnic navide\u00f1o reuni\u00f3 a ni\u00f1os con discapacidad y sus familias en el parque Forestal"},"content":{"rendered":"<p>Guayaquil.- Risas, juegos y momentos de integraci\u00f3n marcaron la ma\u00f1ana que compartieron este martes 50 ni\u00f1os con discapacidad del Centro Municipal de Apoyo a Personas con Discapacidad Visual 4 de Enero, junto a sus familias, durante el Picnic Navide\u00f1o desarrollado en el parque Forestal. La actividad estuvo a cargo de la Direcci\u00f3n de Inclusi\u00f3n Social (DIS).<\/p>\n<p>Acompa\u00f1ados por docentes y terapistas, los ni\u00f1os participaron en juegos sensoriales dise\u00f1ados para estimular sus habilidades, mientras padres y representantes se integraron a din\u00e1micas recreativas y concursos. La jornada incluy\u00f3 un refrigerio y la entrega de juguetes, en el marco de las festividades navide\u00f1as.<\/p>\n<p>Esta iniciativa busc\u00f3 fortalecer la integraci\u00f3n familiar y el compa\u00f1erismo entre los ni\u00f1os, trasladando las actividades habituales del centro a un entorno natural que favoreci\u00f3 la convivencia y el disfrute colectivo.<\/p>\n<p>Mabel Gil Miranda asisti\u00f3 al picnic junto a su nieta, quien tiene par\u00e1lisis cerebral, y destac\u00f3 el impacto del centro en la vida de su familia. \u201cEstoy muy agradecida con el se\u00f1or Alcalde, m\u00e1s que todo, porque si no fuera por \u00e9l, en otro lado, las terapias son car\u00edsimas y la ni\u00f1a en el centro ha tenido mucha ayuda y es gratis\u201d.<\/p>\n<p>Por su parte, Cinthia Boh\u00f3rquez, del sector Cisne 2, relat\u00f3 los avances de su hijo, quien tiene autismo y recibe terapia desde hace un a\u00f1o. Se\u00f1al\u00f3 que los cambios han sido significativos. \u201cGracias a Dios con el proceso que han llevado las licenciadas con \u00e9l, ya habla m\u00e1s y ya es un ni\u00f1o que interact\u00faa mejor, ya no presenta esos signos de irritabilidad\u201d.<\/p>\n<p>Actualmente, el Centro Municipal de Apoyo a Personas con Discapacidad Visual 4 de Enero brinda atenci\u00f3n gratuita a m\u00e1s de 200 ni\u00f1os en \u00e1reas como sicopedagog\u00eda, terapias f\u00edsicas, de lenguaje, ocupacional y art\u00edstica, reafirmando el compromiso de la Alcald\u00eda con una atenci\u00f3n integral e inclusiva para la ni\u00f1ez con discapacidad.<\/p>\n","protected":false},"excerpt":{"rendered":"<p>Guayaquil.- Risas, juegos y momentos de integraci\u00f3n marcaron la ma\u00f1ana que compartieron este martes 50 ni\u00f1os con discapacidad del Centro Municipal de Apoyo a Personas con Discapacidad Visual 4 de Enero, junto a sus familias, durante el Picnic Navide\u00f1o desarrollado en el parque Forestal. La actividad estuvo a cargo de la Direcci\u00f3n de Inclusi\u00f3n Social [&hellip;]<\/p>\n","protected":false},"author":2,"featured_media":44113,"comment_status":"open","ping_status":"closed","sticky":false,"template":"","format":"standard","meta":{"_jetpack_memberships_contains_paid_content":false,"footnotes":""},"categories":[33,13],"tags":[7100,7101],"class_list":["post-44112","post","type-post","status-publish","format-standard","has-post-thumbnail","hentry","category-guayaquil","category-noticias-nacionales","tag-centro-municipal-de-apoyo-a-personas-con-discapacidad-visual","tag-picnic-navideno"],"jetpack_featured_media_url":"https:\/\/radiocresatelital.com\/wp-content\/uploads\/2025\/12\/Picnic-2.jpeg","jetpack_sharing_enabled":true,"_links":{"self":[{"href":"https:\/\/radiocresatelital.com\/index.php?rest_route=\/wp\/v2\/posts\/44112","targetHints":{"allow":["GET"]}}],"collection":[{"href":"https:\/\/radiocresatelital.com\/index.php?rest_route=\/wp\/v2\/posts"}],"about":[{"href":"https:\/\/radiocresatelital.com\/index.php?rest_route=\/wp\/v2\/types\/post"}],"author":[{"embeddable":true,"href":"https:\/\/radiocresatelital.com\/index.php?rest_route=\/wp\/v2\/users\/2"}],"replies":[{"embeddable":true,"href":"https:\/\/radiocresatelital.com\/index.php?rest_route=%2Fwp%2Fv2%2Fcomments&post=44112"}],"version-history":[{"count":1,"href":"https:\/\/radiocresatelital.com\/index.php?rest_route=\/wp\/v2\/posts\/44112\/revisions"}],"predecessor-version":[{"id":44114,"href":"https:\/\/radiocresatelital.com\/index.php?rest_route=\/wp\/v2\/posts\/44112\/revisions\/44114"}],"wp:featuredmedia":[{"embeddable":true,"href":"https:\/\/radiocresatelital.com\/index.php?rest_route=\/wp\/v2\/media\/44113"}],"wp:attachment":[{"href":"https:\/\/radiocresatelital.com\/index.php?rest_route=%2Fwp%2Fv2%2Fmedia&parent=44112"}],"wp:term":[{"taxonomy":"category","embeddable":true,"href":"https:\/\/radiocresatelital.com\/index.php?rest_route=%2Fwp%2Fv2%2Fcategories&post=44112"},{"taxonomy":"post_tag","embeddable":true,"href":"https:\/\/radiocresatelital.com\/index.php?rest_route=%2Fwp%2Fv2%2Ftags&post=44112"}],"curies":[{"name":"wp","href":"https:\/\/api.w.org\/{rel}","templated":true}]}}