{"id":44104,"date":"2025-12-16T19:48:33","date_gmt":"2025-12-16T19:48:33","guid":{"rendered":"https:\/\/radiocresatelital.com\/?p=44104"},"modified":"2025-12-16T19:48:33","modified_gmt":"2025-12-16T19:48:33","slug":"zambrano-ayala-y-von-buchwald-campeones-del-ecuajunior-finals-2025","status":"publish","type":"post","link":"https:\/\/radiocresatelital.com\/?p=44104","title":{"rendered":"Zambrano, Ayala y Von-Buchwald, campeones del Ecuajunior Finals 2025"},"content":{"rendered":"<p>Salinas.- Sergio Zambrano, Enzo Ayala (de Samborond\u00f3n) y Alexander Von-Buchwald (Guayaquil) se coronaron campeones del Ecuajunior Finals 2025, que se desarroll\u00f3 del 12 al 14 de diciembre en el Salinas Golf &amp; Tenis Club.<\/p>\n<p>En la final de la categor\u00eda 11 a\u00f1os unificado, Sergio Zambrano gan\u00f3 a Santiago Navia (Manta) por 6-0, 6-4. En 13 a\u00f1os unificado, Enzo Ayala derrot\u00f3 a Josu\u00e9 Chac\u00f3n (Guayaquil) por 6-1, 6-4. En 14+ unificado, Alexander Von-Buchwald dobleg\u00f3 a Paul Obermeyer (Guayaquil) por 6-4, 6-3.<\/p>\n<p>En este cierre de temporada, donde participaron los 16 mejores rankeados del a\u00f1o, se entreg\u00f3 el trofeo Fair Play Panathlon BG fue a Cesar D\u00e1vila (Guayaquil).<\/p>\n<p>\u201cCada inicio de a\u00f1o es un reto. Tenemos la entereza y el conocimiento para hacer que los jugadores puedan mejorar tanto en su juego como en su disciplina y formaci\u00f3n general. Haber cumplido con el a\u00f1o 19 de la existencia de Ecuajunior y Chiquit\u00f3n nos regocija. El pr\u00f3ximo a\u00f1o ser\u00e1 el aniversario 20 y seguiremos ayudando en la formaci\u00f3n del futuro de nuestra sociedad\u201d, manifest\u00f3 el director del torneo, Jonhny Saldivias, quien, junto a la vicepresidenta de la Federaci\u00f3n Ecuatoriana de Tenis, Mar\u00eda Jos\u00e9 Santander, entregaron los trofeos a los finalistas.<\/p>\n<p><strong>Programa Junior Tennis Initiative<\/strong><br \/>\nEn esta competencia se entregaron cinco becas de participaci\u00f3n del programa Junior Tennis Initiative (JTI) en convenio con la FET. La primera etapa de Ecuajunior 2026 est\u00e1 programada entre el 16 al 18 de enero en una sede por confirmar.<\/p>\n<p>Adem\u00e1s, las ni\u00f1as Franchesca Mac\u00edas, Monserrat Carrera y Rafaela Navas, integrantes de la Escuela de Tenis Miguel Olvera del Centro Nacional de Tenis de la FET, tuvieron una destacada participaci\u00f3n en el Chiquiton Finals 2025, realizado los d\u00edas 13 y 14 de diciembre en el Salinas Golf y Tenis Club.<\/p>\n","protected":false},"excerpt":{"rendered":"<p>Salinas.- Sergio Zambrano, Enzo Ayala (de Samborond\u00f3n) y Alexander Von-Buchwald (Guayaquil) se coronaron campeones del Ecuajunior Finals 2025, que se desarroll\u00f3 del 12 al 14 de diciembre en el Salinas Golf &amp; Tenis Club. En la final de la categor\u00eda 11 a\u00f1os unificado, Sergio Zambrano gan\u00f3 a Santiago Navia (Manta) por 6-0, 6-4. En 13 [&hellip;]<\/p>\n","protected":false},"author":2,"featured_media":44105,"comment_status":"open","ping_status":"closed","sticky":false,"template":"","format":"standard","meta":{"_jetpack_memberships_contains_paid_content":false,"footnotes":""},"categories":[9,64],"tags":[7098],"class_list":["post-44104","post","type-post","status-publish","format-standard","has-post-thumbnail","hentry","category-deportes","category-tenis","tag-ecuajunior-finals-2025"],"jetpack_featured_media_url":"https:\/\/radiocresatelital.com\/wp-content\/uploads\/2025\/12\/WhatsApp-Image-2025-12-16-at-10.51.50.jpeg","jetpack_sharing_enabled":true,"_links":{"self":[{"href":"https:\/\/radiocresatelital.com\/index.php?rest_route=\/wp\/v2\/posts\/44104","targetHints":{"allow":["GET"]}}],"collection":[{"href":"https:\/\/radiocresatelital.com\/index.php?rest_route=\/wp\/v2\/posts"}],"about":[{"href":"https:\/\/radiocresatelital.com\/index.php?rest_route=\/wp\/v2\/types\/post"}],"author":[{"embeddable":true,"href":"https:\/\/radiocresatelital.com\/index.php?rest_route=\/wp\/v2\/users\/2"}],"replies":[{"embeddable":true,"href":"https:\/\/radiocresatelital.com\/index.php?rest_route=%2Fwp%2Fv2%2Fcomments&post=44104"}],"version-history":[{"count":1,"href":"https:\/\/radiocresatelital.com\/index.php?rest_route=\/wp\/v2\/posts\/44104\/revisions"}],"predecessor-version":[{"id":44106,"href":"https:\/\/radiocresatelital.com\/index.php?rest_route=\/wp\/v2\/posts\/44104\/revisions\/44106"}],"wp:featuredmedia":[{"embeddable":true,"href":"https:\/\/radiocresatelital.com\/index.php?rest_route=\/wp\/v2\/media\/44105"}],"wp:attachment":[{"href":"https:\/\/radiocresatelital.com\/index.php?rest_route=%2Fwp%2Fv2%2Fmedia&parent=44104"}],"wp:term":[{"taxonomy":"category","embeddable":true,"href":"https:\/\/radiocresatelital.com\/index.php?rest_route=%2Fwp%2Fv2%2Fcategories&post=44104"},{"taxonomy":"post_tag","embeddable":true,"href":"https:\/\/radiocresatelital.com\/index.php?rest_route=%2Fwp%2Fv2%2Ftags&post=44104"}],"curies":[{"name":"wp","href":"https:\/\/api.w.org\/{rel}","templated":true}]}}