{"id":44098,"date":"2025-12-16T19:19:44","date_gmt":"2025-12-16T19:19:44","guid":{"rendered":"https:\/\/radiocresatelital.com\/?p=44098"},"modified":"2025-12-16T19:19:44","modified_gmt":"2025-12-16T19:19:44","slug":"presidente-daniel-noboa-entrega-equipamiento-tactico-para-las-fuerzas-armadas-con-una-inversion-de-usd-94-millones","status":"publish","type":"post","link":"https:\/\/radiocresatelital.com\/?p=44098","title":{"rendered":"Presidente Daniel Noboa entrega equipamiento t\u00e1ctico para las Fuerzas Armadas con una inversi\u00f3n de USD 9,4 millones"},"content":{"rendered":"<p>Quito.- \u201cUn Presidente que protege, cuida y que apoya a las Fuerzas Armadas es un Presidente que apoya a la ciudadan\u00eda y al progreso del pa\u00eds\u201d, expres\u00f3 el Primer Mandatario, Daniel Noboa Azin, en la ceremonia de entrega de equipamiento tecnol\u00f3gico y t\u00e1ctico a las Fuerzas Armadas (FF.AA), instituci\u00f3n clave en el resguardo de la soberan\u00eda del Ecuador.<\/p>\n<p>Para el Gobierno es prioritario fortalecer a las Fuerzas Armadas (FF. AA.) a fin de apoyar su misi\u00f3n constitucional de garantizar la integridad territorial y la paz ciudadana. Por eso, con una inversi\u00f3n de USD 9,4 millones, entreg\u00f3 54<br \/>\ncamionetas y 24 motocicletas; seis drones para labores de vigilancia; 25.103 uniformes y botas; y 350 paraca\u00eddas.<\/p>\n<p>\u201cHoy seguimos fortaleciendo las capacidades de nuestras Fuerzas Armadas con la entrega de equipos y veh\u00edculos indispensables para triunfar en esta guerra: una guerra que no iniciamos nosotros, pero que s\u00ed vamos a terminarla\u201d, sostuvo el Jefe de Estado.<\/p>\n<p>Por su parte, Jhon Mi\u00f1o, comandante general de la Fuerza Terrestre, agradeci\u00f3 al Presidente de la Rep\u00fablica y al Ministro de Defensa por el apoyo del Ejecutivo con la defensa y seguridad nacional. Por consiguiente, reafirm\u00f3 el compromiso de las FF.AA. de mantener los m\u00e1s altos intereses de la naci\u00f3n actuando con firmeza y lealtad con el pueblo ecuatoriano.<\/p>\n<p>A este agradecimiento se sum\u00f3 el capit\u00e1n de Infanter\u00eda, Daniel Levoyer, quien en nombre de los soldados afirm\u00f3 que este equipamiento ser\u00e1 fundamental en las labores militares que promueven la seguridad del pa\u00eds.<\/p>\n<p>Durante su alocuci\u00f3n, el Primer Mandatario fue determinante al afirmar que su administraci\u00f3n no se detendr\u00e1 en el combate a las amenazas. Por lo que recalc\u00f3: \u201cvivimos un momento clave en la historia del Ecuador y de toda la regi\u00f3n: un momento en el que decidimos recuperar al pa\u00eds de las garras del crimen, en todas sus formas y construir una sociedad m\u00e1s justa, donde el trabajo, la paz y la seguridad no sean un privilegio, sino un derecho para todos\u201d,<br \/>\nfinaliz\u00f3.<\/p>\n","protected":false},"excerpt":{"rendered":"<p>Quito.- \u201cUn Presidente que protege, cuida y que apoya a las Fuerzas Armadas es un Presidente que apoya a la ciudadan\u00eda y al progreso del pa\u00eds\u201d, expres\u00f3 el Primer Mandatario, Daniel Noboa Azin, en la ceremonia de entrega de equipamiento tecnol\u00f3gico y t\u00e1ctico a las Fuerzas Armadas (FF.AA), instituci\u00f3n clave en el resguardo de la [&hellip;]<\/p>\n","protected":false},"author":2,"featured_media":44099,"comment_status":"open","ping_status":"closed","sticky":false,"template":"","format":"standard","meta":{"_jetpack_memberships_contains_paid_content":false,"footnotes":""},"categories":[13],"tags":[1322],"class_list":["post-44098","post","type-post","status-publish","format-standard","has-post-thumbnail","hentry","category-noticias-nacionales","tag-presidente-daniel-noboa"],"jetpack_featured_media_url":"https:\/\/radiocresatelital.com\/wp-content\/uploads\/2025\/12\/54988485214_d4ee0a7a68_c.jpg","jetpack_sharing_enabled":true,"_links":{"self":[{"href":"https:\/\/radiocresatelital.com\/index.php?rest_route=\/wp\/v2\/posts\/44098","targetHints":{"allow":["GET"]}}],"collection":[{"href":"https:\/\/radiocresatelital.com\/index.php?rest_route=\/wp\/v2\/posts"}],"about":[{"href":"https:\/\/radiocresatelital.com\/index.php?rest_route=\/wp\/v2\/types\/post"}],"author":[{"embeddable":true,"href":"https:\/\/radiocresatelital.com\/index.php?rest_route=\/wp\/v2\/users\/2"}],"replies":[{"embeddable":true,"href":"https:\/\/radiocresatelital.com\/index.php?rest_route=%2Fwp%2Fv2%2Fcomments&post=44098"}],"version-history":[{"count":1,"href":"https:\/\/radiocresatelital.com\/index.php?rest_route=\/wp\/v2\/posts\/44098\/revisions"}],"predecessor-version":[{"id":44100,"href":"https:\/\/radiocresatelital.com\/index.php?rest_route=\/wp\/v2\/posts\/44098\/revisions\/44100"}],"wp:featuredmedia":[{"embeddable":true,"href":"https:\/\/radiocresatelital.com\/index.php?rest_route=\/wp\/v2\/media\/44099"}],"wp:attachment":[{"href":"https:\/\/radiocresatelital.com\/index.php?rest_route=%2Fwp%2Fv2%2Fmedia&parent=44098"}],"wp:term":[{"taxonomy":"category","embeddable":true,"href":"https:\/\/radiocresatelital.com\/index.php?rest_route=%2Fwp%2Fv2%2Fcategories&post=44098"},{"taxonomy":"post_tag","embeddable":true,"href":"https:\/\/radiocresatelital.com\/index.php?rest_route=%2Fwp%2Fv2%2Ftags&post=44098"}],"curies":[{"name":"wp","href":"https:\/\/api.w.org\/{rel}","templated":true}]}}