{"id":44095,"date":"2025-12-16T19:03:42","date_gmt":"2025-12-16T19:03:42","guid":{"rendered":"https:\/\/radiocresatelital.com\/?p=44095"},"modified":"2025-12-16T19:03:42","modified_gmt":"2025-12-16T19:03:42","slug":"centro-de-especialidades-central-cuenca-incorpora-moderno-sistema-radiografico-digital","status":"publish","type":"post","link":"https:\/\/radiocresatelital.com\/?p=44095","title":{"rendered":"Centro de Especialidades Central Cuenca incorpora moderno Sistema Radiogr\u00e1fico Digital"},"content":{"rendered":"<div id=\"content\">\n<div id=\"main-content\" class=\"columns-1\" role=\"main\">\n<div id=\"aui_3_2_0_1133\" class=\"portlet-layout\">\n<div id=\"column-1\" class=\"portlet-column portlet-column-only\">\n<div id=\"layout-column_column-1\" class=\"portlet-dropzone portlet-column-content portlet-column-content-only\">\n<div id=\"p_p_id_101_INSTANCE_4DHq_\" class=\"portlet-boundary portlet-boundary_101_ portlet-static portlet-static-end portlet-asset-publisher \">\n<div id=\"aui_3_2_0_1132\" class=\"portlet-borderless-container\">\n<div id=\"aui_3_2_0_1131\" class=\"portlet-body\">\n<div id=\"aui_3_2_0_1130\">\n<div class=\"text-full-content\">\n<p>Cuenca.- El Centro de Especialidades Central Cuenca (CECC) del Instituto Ecuatoriano de Seguridad Social (IESS), ahora cuenta con un nuevo sistema radiogr\u00e1fico digital de \u00faltima generaci\u00f3n. Esta tecnolog\u00eda permite reducir los tiempos de atenci\u00f3n de 15 a 10 minutos, mejorar la calidad de los diagn\u00f3sticos, gestionar las im\u00e1genes m\u00e9dicas de forma m\u00e1s \u00e1gil y disminuir la exposici\u00f3n a la radiaci\u00f3n.<\/p>\n<p>Este sistema tiene una inversi\u00f3n de m\u00e1s de USD 132 mil y reemplazar\u00e1 al equipo que estuvo en funcionamiento desde 1986. Durante el evento de entrega del sistema a los afiliados del Azuay, el director provincial, David Valdivieso, asegur\u00f3 que la actualizaci\u00f3n tecnol\u00f3gica es parte de un plan responsable en beneficio de sus usuarios. \u00abBuscamos nuevos resultados con eficiencia, efectividad, seguridad y velocidad\u00bb, dijo.<\/p>\n<p>El nuevo Sistema Radiogr\u00e1fico Digital permitir\u00e1 generar im\u00e1genes de manera casi inmediata, facilitar su almacenamiento y env\u00edo digital, optimizar la gesti\u00f3n de expedientes y la colaboraci\u00f3n entre especialistas.<\/p>\n<p>\u00abEs un salto tecnol\u00f3gico que marca nueva capacidad resolutiva en beneficio de los asegurados. Con este nuevo sistema se proyecta llegar a entre 220 y 240 estudios semanales, fortaleciendo la cobertura y la eficacia del servicio de imagen diagnostica\u00bb, se\u00f1al\u00f3 Manuel Luzuriaga, director administrativo del CECC.<\/p>\n<p>Entre enero y noviembre de 2025, el CECC realiz\u00f3 2346 ex\u00e1menes de Rayos X, con un tiempo promedio de 15 minutos por paciente, cifra que se reduce notablemente gracias a este nuevo sistema.<\/p>\n<p>Como parte de su visita al Centro de Especialidades, las autoridades recorrieron el lactario y las \u00e1reas repotenciadas de Urgencias y Admisiones. Desde su fortalecimiento estos espacios muestran resultados visibles:<\/p>\n<ul>\n<li>Urgencias registr\u00f3 7421 atenciones desde agosto de 2025, con un incremento del 15% tras su reinauguraci\u00f3n.<\/li>\n<li>Mientras que en Admisiones se optimizaron los tiempos de respuesta, reduci\u00e9ndose de 17 a 9 minutos en promedio.<\/li>\n<\/ul>\n<p>Otro logro destacado es la incorporaci\u00f3n de 23 equipos para Laboratorio, Urgencias y Consulta Externa, as\u00ed como instrumental m\u00e9dico para Ginecolog\u00eda, Dermatolog\u00eda y Urgencias.<\/p>\n<p>\u00abLa inversi\u00f3n realizada en el a\u00f1o 2025 supera en 10 veces m\u00e1s al monto invertido entre los a\u00f1os 2016 al a\u00f1o 2023\u00bb, asegur\u00f3 Luzuriaga.<\/p>\n<p>Estas acciones forman parte de una estrategia integral orientada a fortalecer la Seguridad Social mediante la mejora del acceso y la calidad de los servicios, con un firme compromiso hacia una atenci\u00f3n m\u00e1s eficiente y oportuna para los afiliados.<\/p>\n<\/div>\n<\/div>\n<\/div>\n<\/div>\n<\/div>\n<\/div>\n<\/div>\n<\/div>\n<\/div>\n<\/div>\n","protected":false},"excerpt":{"rendered":"<p>Cuenca.- El Centro de Especialidades Central Cuenca (CECC) del Instituto Ecuatoriano de Seguridad Social (IESS), ahora cuenta con un nuevo sistema radiogr\u00e1fico digital de \u00faltima generaci\u00f3n. Esta tecnolog\u00eda permite reducir los tiempos de atenci\u00f3n de 15 a 10 minutos, mejorar la calidad de los diagn\u00f3sticos, gestionar las im\u00e1genes m\u00e9dicas de forma m\u00e1s \u00e1gil y disminuir [&hellip;]<\/p>\n","protected":false},"author":2,"featured_media":44096,"comment_status":"open","ping_status":"closed","sticky":false,"template":"","format":"standard","meta":{"_jetpack_memberships_contains_paid_content":false,"footnotes":""},"categories":[13],"tags":[7097,1961],"class_list":["post-44095","post","type-post","status-publish","format-standard","has-post-thumbnail","hentry","category-noticias-nacionales","tag-centro-de-especialidades-central-cuenca","tag-instituto-ecuatoriano-de-seguridad-social"],"jetpack_featured_media_url":"https:\/\/radiocresatelital.com\/wp-content\/uploads\/2025\/12\/WhatsApp-Image-2025-12-16-at-14.01.21.jpeg","jetpack_sharing_enabled":true,"_links":{"self":[{"href":"https:\/\/radiocresatelital.com\/index.php?rest_route=\/wp\/v2\/posts\/44095","targetHints":{"allow":["GET"]}}],"collection":[{"href":"https:\/\/radiocresatelital.com\/index.php?rest_route=\/wp\/v2\/posts"}],"about":[{"href":"https:\/\/radiocresatelital.com\/index.php?rest_route=\/wp\/v2\/types\/post"}],"author":[{"embeddable":true,"href":"https:\/\/radiocresatelital.com\/index.php?rest_route=\/wp\/v2\/users\/2"}],"replies":[{"embeddable":true,"href":"https:\/\/radiocresatelital.com\/index.php?rest_route=%2Fwp%2Fv2%2Fcomments&post=44095"}],"version-history":[{"count":1,"href":"https:\/\/radiocresatelital.com\/index.php?rest_route=\/wp\/v2\/posts\/44095\/revisions"}],"predecessor-version":[{"id":44097,"href":"https:\/\/radiocresatelital.com\/index.php?rest_route=\/wp\/v2\/posts\/44095\/revisions\/44097"}],"wp:featuredmedia":[{"embeddable":true,"href":"https:\/\/radiocresatelital.com\/index.php?rest_route=\/wp\/v2\/media\/44096"}],"wp:attachment":[{"href":"https:\/\/radiocresatelital.com\/index.php?rest_route=%2Fwp%2Fv2%2Fmedia&parent=44095"}],"wp:term":[{"taxonomy":"category","embeddable":true,"href":"https:\/\/radiocresatelital.com\/index.php?rest_route=%2Fwp%2Fv2%2Fcategories&post=44095"},{"taxonomy":"post_tag","embeddable":true,"href":"https:\/\/radiocresatelital.com\/index.php?rest_route=%2Fwp%2Fv2%2Ftags&post=44095"}],"curies":[{"name":"wp","href":"https:\/\/api.w.org\/{rel}","templated":true}]}}