{"id":44038,"date":"2025-12-15T19:24:15","date_gmt":"2025-12-15T19:24:15","guid":{"rendered":"https:\/\/radiocresatelital.com\/?p=44038"},"modified":"2025-12-15T23:26:11","modified_gmt":"2025-12-15T23:26:11","slug":"nestle-e-instituto-kruger-certifican-talento-joven-en-estrategias-digitales","status":"publish","type":"post","link":"https:\/\/radiocresatelital.com\/?p=44038","title":{"rendered":"Nestl\u00e9 e Instituto Kruger certifican talento joven en estrategias digitales"},"content":{"rendered":"<p>Quito.- Nestl\u00e9 Ecuador, en alianza con el Instituto Kruger y con el apoyo del Viceministerio de Educaci\u00f3n Superior, Ciencia, Tecnolog\u00eda e Innovaci\u00f3n del Ministerio de Educaci\u00f3n, Deporte y Cultura \u2013 MINEDEC, celebr\u00f3 la finalizaci\u00f3n de la \u201cCertificaci\u00f3n en Estrategias Digitales del Futuro\u201d, un programa intensivo de cuatro semanas con cuarenta becas completas para j\u00f3venes de entre 18 y 30 a\u00f1os interesados en marketing, tecnolog\u00eda e innovaci\u00f3n.<\/p>\n<p>La iniciativa tuvo como objetivo desarrollar competencias clave para el mercado laboral en el entorno digital, a trav\u00e9s de formaci\u00f3n pr\u00e1ctica y contacto directo con expertos.<\/p>\n<p>Ligia Pineda, vicepresidenta de Recursos Humanos de Nestl\u00e9 Ecuador, afirm\u00f3 que \u201cNestl\u00e9 Ecuador trabaja desde hace m\u00e1s de veinte a\u00f1os con un modelo de Creaci\u00f3n de Valor Compartido que permite generar impactos positivos para las comunidades y el negocio.<\/p>\n<p>La certificaci\u00f3n es una expresi\u00f3n de ese compromiso porque acerca a las y los j\u00f3venes a las habilidades digitales que hoy demanda el mundo laboral y ampl\u00eda sus oportunidades para desarrollar su talento y construir un mejor futuro\u201d.<\/p>\n<p>Por otro lado, Daniela Trelles, Rectora del Instituto Kurger a\u00f1adi\u00f3 \u201cFormar j\u00f3venes que se atreven a transformar su realidad es parte de nuestro prop\u00f3sito.<\/p>\n<p>Esta certificaci\u00f3n abre puertas a nuevas oportunidades en el mundo digital y fortalece el talento que est\u00e1 construyendo el futuro del pa\u00eds.\u201d.<\/p>\n<p>El contenido del programa se estructur\u00f3 en cuatro m\u00f3dulos que combinaron clases, recursos digitales y sesiones de mentor\u00eda guiadas por especialistas de Nestl\u00e9 y del Instituto Kruger<\/p>\n","protected":false},"excerpt":{"rendered":"<p>Quito.- Nestl\u00e9 Ecuador, en alianza con el Instituto Kruger y con el apoyo del Viceministerio de Educaci\u00f3n Superior, Ciencia, Tecnolog\u00eda e Innovaci\u00f3n del Ministerio de Educaci\u00f3n, Deporte y Cultura \u2013 MINEDEC, celebr\u00f3 la finalizaci\u00f3n de la \u201cCertificaci\u00f3n en Estrategias Digitales del Futuro\u201d, un programa intensivo de cuatro semanas con cuarenta becas completas para j\u00f3venes de [&hellip;]<\/p>\n","protected":false},"author":2,"featured_media":44039,"comment_status":"open","ping_status":"closed","sticky":false,"template":"","format":"standard","meta":{"_jetpack_memberships_contains_paid_content":false,"footnotes":""},"categories":[13],"tags":[1923],"class_list":["post-44038","post","type-post","status-publish","format-standard","has-post-thumbnail","hentry","category-noticias-nacionales","tag-nestle-ecuador"],"jetpack_featured_media_url":"https:\/\/radiocresatelital.com\/wp-content\/uploads\/2025\/12\/30.-Kruger-Firma.jpeg","jetpack_sharing_enabled":true,"_links":{"self":[{"href":"https:\/\/radiocresatelital.com\/index.php?rest_route=\/wp\/v2\/posts\/44038","targetHints":{"allow":["GET"]}}],"collection":[{"href":"https:\/\/radiocresatelital.com\/index.php?rest_route=\/wp\/v2\/posts"}],"about":[{"href":"https:\/\/radiocresatelital.com\/index.php?rest_route=\/wp\/v2\/types\/post"}],"author":[{"embeddable":true,"href":"https:\/\/radiocresatelital.com\/index.php?rest_route=\/wp\/v2\/users\/2"}],"replies":[{"embeddable":true,"href":"https:\/\/radiocresatelital.com\/index.php?rest_route=%2Fwp%2Fv2%2Fcomments&post=44038"}],"version-history":[{"count":1,"href":"https:\/\/radiocresatelital.com\/index.php?rest_route=\/wp\/v2\/posts\/44038\/revisions"}],"predecessor-version":[{"id":44040,"href":"https:\/\/radiocresatelital.com\/index.php?rest_route=\/wp\/v2\/posts\/44038\/revisions\/44040"}],"wp:featuredmedia":[{"embeddable":true,"href":"https:\/\/radiocresatelital.com\/index.php?rest_route=\/wp\/v2\/media\/44039"}],"wp:attachment":[{"href":"https:\/\/radiocresatelital.com\/index.php?rest_route=%2Fwp%2Fv2%2Fmedia&parent=44038"}],"wp:term":[{"taxonomy":"category","embeddable":true,"href":"https:\/\/radiocresatelital.com\/index.php?rest_route=%2Fwp%2Fv2%2Fcategories&post=44038"},{"taxonomy":"post_tag","embeddable":true,"href":"https:\/\/radiocresatelital.com\/index.php?rest_route=%2Fwp%2Fv2%2Ftags&post=44038"}],"curies":[{"name":"wp","href":"https:\/\/api.w.org\/{rel}","templated":true}]}}