{"id":4403,"date":"2023-09-18T17:39:36","date_gmt":"2023-09-18T17:39:36","guid":{"rendered":"https:\/\/radiocresatelital.com\/?p=4403"},"modified":"2023-09-18T17:39:36","modified_gmt":"2023-09-18T17:39:36","slug":"verificamos-el-avance-de-obra-en-establecimientos-educativos-al-sur-de-quito","status":"publish","type":"post","link":"https:\/\/radiocresatelital.com\/?p=4403","title":{"rendered":"Verificamos el avance de obra en establecimientos educativos al sur de Quito"},"content":{"rendered":"<p>Quito.- La ministra de Educaci\u00f3n, Mar\u00eda Brown P\u00e9rez, realiz\u00f3 dos importantes recorridos, la ma\u00f1ana del viernes 15 de septiembre de 2023, para constatar la ejecuci\u00f3n de las obras de infraestructura de las unidades educativas, Isabel Robalino en el Sur de Quito y del Instituto Nacional de Investigaciones Agropecuarias de Ecuador (INIAP), en el cant\u00f3n Mej\u00eda.<\/p>\n<p>La Unidad Educativa Isabel Robalino inici\u00f3 los trabajos de obra en el 2017, posteriormente, se realizaron tres suspensiones, y la definitiva se produjo en el 2019. Finalmente, en el 2022, se llev\u00f3 a cabo la terminaci\u00f3n unilateral del contrato debido a fallas e incumplimiento por parte del contratista. En esta administraci\u00f3n retomamos esta obra abandonada para entregarla a la comunidad educativa.<\/p>\n<p>Durante su intervenci\u00f3n, en el recorrido con la comunidad educativa y medios de comunicaci\u00f3n, la ministra Brown coment\u00f3: \u201cComenzamos un proceso de traspaso de esta obra del Ministerio de Transporte y Obras P\u00fablicas al Ministerio de Educaci\u00f3n a trav\u00e9s de un decreto ejecutivo. El presidente de la Rep\u00fablica nos dio la responsabilidad de esta obra y otras cuatro m\u00e1s para ejecutarlas directamente desde esta cartera de Estado en este a\u00f1o y como pueden ver hoy, ya estamos reactivando las obras\u201d.<\/p>\n<p>Con una inversi\u00f3n de USD 2,319,807.63 se ejecutar\u00e1 una intervenci\u00f3n integral para concluir las obras en bloques de aulas, espacios administrativos, zonas de servicio y espacios recreativos del plantel.<\/p>\n<p>Se tiene previsto que esta obra concluya en el mes de diciembre de 2023, dando paso a una nueva unidad educativa que contar\u00e1 con 30 paralelos en las jornadas matutina y vespertina, beneficiando a m\u00e1s de 2.400 estudiantes desde Inicial a Bachillerato.<\/p>\n<p>Adem\u00e1s, la m\u00e1xima autoridad en educaci\u00f3n recorri\u00f3 las instalaciones de la Unidad Educativa INIAP . La instituci\u00f3n se encontraba suspendida desde el 2018 y, gracias a una inversi\u00f3n de USD 3,309,204.23, hoy inicia el camino para convertirse en una soluci\u00f3n real para la poblaci\u00f3n de este cant\u00f3n. Con un avance de m\u00e1s del 35%, se espera que hasta diciembre del a\u00f1o en curso quede terminada completamente.<\/p>\n<p>Asimismo, la ministra mencion\u00f3 que durante el 2022 se entregaron 16 nuevas unidades educativas en distintas localidades del pa\u00eds. Mientras que, en el presente a\u00f1o se entregar\u00e1n 11 m\u00e1s.<\/p>\n<p>A trav\u00e9s de esta Cartera de Estado, el Gobierno Nacional est\u00e1 terminando obras inconclusas de administraciones anteriores, para ponerlas al servicio de la comunidad educativa. De esta manera, reafirmamos nuestro compromiso de continuar construyendo espacios que garanticen la transformaci\u00f3n educativa en el pa\u00eds.<\/p>\n","protected":false},"excerpt":{"rendered":"<p>Quito.- La ministra de Educaci\u00f3n, Mar\u00eda Brown P\u00e9rez, realiz\u00f3 dos importantes recorridos, la ma\u00f1ana del viernes 15 de septiembre de 2023, para constatar la ejecuci\u00f3n de las obras de infraestructura de las unidades educativas, Isabel Robalino en el Sur de Quito y del Instituto Nacional de Investigaciones Agropecuarias de Ecuador (INIAP), en el cant\u00f3n Mej\u00eda. [&hellip;]<\/p>\n","protected":false},"author":2,"featured_media":4404,"comment_status":"open","ping_status":"closed","sticky":false,"template":"","format":"standard","meta":{"_jetpack_memberships_contains_paid_content":false,"footnotes":""},"categories":[13],"tags":[628],"class_list":["post-4403","post","type-post","status-publish","format-standard","has-post-thumbnail","hentry","category-noticias-nacionales","tag-minsterio-educacion"],"jetpack_featured_media_url":"https:\/\/radiocresatelital.com\/wp-content\/uploads\/2023\/09\/recorrido-8.png","jetpack_sharing_enabled":true,"_links":{"self":[{"href":"https:\/\/radiocresatelital.com\/index.php?rest_route=\/wp\/v2\/posts\/4403","targetHints":{"allow":["GET"]}}],"collection":[{"href":"https:\/\/radiocresatelital.com\/index.php?rest_route=\/wp\/v2\/posts"}],"about":[{"href":"https:\/\/radiocresatelital.com\/index.php?rest_route=\/wp\/v2\/types\/post"}],"author":[{"embeddable":true,"href":"https:\/\/radiocresatelital.com\/index.php?rest_route=\/wp\/v2\/users\/2"}],"replies":[{"embeddable":true,"href":"https:\/\/radiocresatelital.com\/index.php?rest_route=%2Fwp%2Fv2%2Fcomments&post=4403"}],"version-history":[{"count":1,"href":"https:\/\/radiocresatelital.com\/index.php?rest_route=\/wp\/v2\/posts\/4403\/revisions"}],"predecessor-version":[{"id":4405,"href":"https:\/\/radiocresatelital.com\/index.php?rest_route=\/wp\/v2\/posts\/4403\/revisions\/4405"}],"wp:featuredmedia":[{"embeddable":true,"href":"https:\/\/radiocresatelital.com\/index.php?rest_route=\/wp\/v2\/media\/4404"}],"wp:attachment":[{"href":"https:\/\/radiocresatelital.com\/index.php?rest_route=%2Fwp%2Fv2%2Fmedia&parent=4403"}],"wp:term":[{"taxonomy":"category","embeddable":true,"href":"https:\/\/radiocresatelital.com\/index.php?rest_route=%2Fwp%2Fv2%2Fcategories&post=4403"},{"taxonomy":"post_tag","embeddable":true,"href":"https:\/\/radiocresatelital.com\/index.php?rest_route=%2Fwp%2Fv2%2Ftags&post=4403"}],"curies":[{"name":"wp","href":"https:\/\/api.w.org\/{rel}","templated":true}]}}