{"id":44014,"date":"2025-12-15T21:07:35","date_gmt":"2025-12-15T21:07:35","guid":{"rendered":"https:\/\/radiocresatelital.com\/?p=44014"},"modified":"2025-12-15T21:07:35","modified_gmt":"2025-12-15T21:07:35","slug":"espero-que-lleguemos-al-mundial-sin-italia-seria-humillante-dado-el-grupo-paolo-cannavaro","status":"publish","type":"post","link":"https:\/\/radiocresatelital.com\/?p=44014","title":{"rendered":"Espero que lleguemos al Mundial. Sin Italia, ser\u00eda humillante. Dado el grupo, Paolo Cannavaro"},"content":{"rendered":"<p>Roma.- El excapit\u00e1n de la Selecci\u00f3n Italiana de F\u00fatbol y actual t\u00e9cnico de Uzbekist\u00e1n, Paolo Cannavaro tiene mucha confianza que el combinado azzurra logre clasificarse a la Copa del Mundo prevista el a\u00f1o pr\u00f3ximo en Estados Unidos, Canad\u00e1 y M\u00e9xico.<\/p>\n<p>\u00abEspero que lleguemos al Mundial. Sin Italia, ser\u00eda humillante. Dado el grupo\u00bb, afirm\u00f3 Cannavaro en alusi\u00f3n al sorteo que la FIFA celebr\u00f3 el pasado viernes 5 para determinar las zonas del Mundial 2026.<\/p>\n<p>Italia recibir\u00e1 a Irlanda del Norte en B\u00e9rgamo en el partido previsto el jueves 26 de marzo de 2026 por una de las semifinales de la Ruta A del repechaje de las Eliminatorias europeas por un boleto al Mundial previsto el a\u00f1o pr\u00f3ximo en Estados Unidos, Canad\u00e1 y M\u00e9xico.<\/p>\n<p>La \u00abazzurra\u00bb, ausente en Rusia 2018 y Qatar 2022, perdi\u00f3 con Suecia y con Macedonia del Norte en los respectivos repechajes para esas ediciones del Mundial y precisa vencer a Irlanda del Norte para avanzar a la final de la Ruta A del playoff que espera tambi\u00e9n al ganador del duelo entre Gales y Bosnia-Herzegovina.<\/p>\n<p>Uno de los problemas del \u00abCalcio\u00bb, seg\u00fan Cannavaro, es \u00abse ven pocos j\u00f3venes y pocos italianos\u00bb en la Serie A, lo cual, argument\u00f3, \u00abse refleja en la selecci\u00f3n\u00bb.<\/p>\n<p>Por otra parte, Cannavaro, de 52 a\u00f1os, neg\u00f3 haber recibido una propuesta de la Federaci\u00f3n Italiana de F\u00fatbol (FIGC) y aval\u00f3 la elecci\u00f3n de Gattuso, su compa\u00f1ero en el plantel de la \u00abazzurra\u00bb que gan\u00f3 el Mundial 2006 y reemplazante de Luciano Spalletti.<\/p>\n<p>\u00abNo he recibido ninguna oferta de la selecci\u00f3n italiana.\u00a0Estoy de acuerdo con la decisi\u00f3n de Gattuso porque creo que &#8216;Rino&#8217; es un gran entrenador, un tipo excepcional. No s\u00f3lo es decidido y fuerte, sino que tambi\u00e9n estudia mucho, y espero que llegue al Mundial\u00bb, remarc\u00f3 Cannavaro, quien se dar\u00e1 el gusto de dirigir a Uzbekist\u00e1n en la Copa del Mundo 2026.<\/p>\n<p>\u00abEstuve en el sorteo, despu\u00e9s de haber vivido cuatro como jugador, el Mundial es una de las cosas m\u00e1s importantes para cualquiera en el f\u00fatbol, ;;as\u00ed que estar all\u00ed como entrenador fue una gran sensaci\u00f3n\u00bb, reconoci\u00f3.<\/p>\n<p>\u00abLuego est\u00e1 el juego, y ser\u00e1 mucho m\u00e1s complicado. La selecci\u00f3n uzbeka se sinti\u00f3 un poco intimidada cuando me vio por primera vez, pero luego, en el minitorneo de Dubai, comenz\u00f3 una divertida aventura con un equipo duro, dispuesto a ganar experiencia y mejorar\u00bb, asegur\u00f3 el ex defensor de Real Madrid, Juventus y Parma, entre otros.<\/p>\n<p>Uzbekist\u00e1n, que protagonizar\u00e1 su debut en el Mundial 2026, sali\u00f3 sorteado en el Grupo K con Portugal, Colombia y el ganador de la llave A del torneo de repechaje internacional en cuya final Rep\u00fablica Democr\u00e1tica del Congo espera al ganador de Nueva Caledonia-Jamaica.<\/p>\n<p>\u00abEs el debut para la selecci\u00f3n uzbeka, pero ser\u00e1 especialmente importante para la preparaci\u00f3n de la Copa Asi\u00e1tica de 2027. Trabajo duro en el banco, no me rindo, sigo viajando por el mundo, porque realmente disfruto entrenando\u00bb, asegur\u00f3 Cannavaro, ganador del Bal\u00f3n de Oro 2006.<\/p>\n<p>\u00abLlevo 10 a\u00f1os haci\u00e9ndolo, aunque a menudo todav\u00eda me ven como un ex jugador. Haber sido el capit\u00e1n de la azzurra, el Bal\u00f3n de Oro, siempre me hace parecer un ex jugador y no un entrenador, as\u00ed que he tenido que lanzarme al fuego, desde Benevento hasta D\u00ednamo Zagreb y Udinese\u00bb, repas\u00f3 Cannavaro sobre la carrera como DT que inici\u00f3 en 2015.<\/p>\n","protected":false},"excerpt":{"rendered":"<p>Roma.- El excapit\u00e1n de la Selecci\u00f3n Italiana de F\u00fatbol y actual t\u00e9cnico de Uzbekist\u00e1n, Paolo Cannavaro tiene mucha confianza que el combinado azzurra logre clasificarse a la Copa del Mundo prevista el a\u00f1o pr\u00f3ximo en Estados Unidos, Canad\u00e1 y M\u00e9xico. \u00abEspero que lleguemos al Mundial. Sin Italia, ser\u00eda humillante. Dado el grupo\u00bb, afirm\u00f3 Cannavaro en [&hellip;]<\/p>\n","protected":false},"author":2,"featured_media":44015,"comment_status":"open","ping_status":"closed","sticky":false,"template":"","format":"standard","meta":{"_jetpack_memberships_contains_paid_content":false,"footnotes":""},"categories":[7,955],"tags":[7078,1291],"class_list":["post-44014","post","type-post","status-publish","format-standard","has-post-thumbnail","hentry","category-futbol-internacional","category-mundial-de-futbol","tag-paolo-cannavaro","tag-seleccion-italia"],"jetpack_featured_media_url":"https:\/\/radiocresatelital.com\/wp-content\/uploads\/2025\/12\/16755302663021.webp","jetpack_sharing_enabled":true,"_links":{"self":[{"href":"https:\/\/radiocresatelital.com\/index.php?rest_route=\/wp\/v2\/posts\/44014","targetHints":{"allow":["GET"]}}],"collection":[{"href":"https:\/\/radiocresatelital.com\/index.php?rest_route=\/wp\/v2\/posts"}],"about":[{"href":"https:\/\/radiocresatelital.com\/index.php?rest_route=\/wp\/v2\/types\/post"}],"author":[{"embeddable":true,"href":"https:\/\/radiocresatelital.com\/index.php?rest_route=\/wp\/v2\/users\/2"}],"replies":[{"embeddable":true,"href":"https:\/\/radiocresatelital.com\/index.php?rest_route=%2Fwp%2Fv2%2Fcomments&post=44014"}],"version-history":[{"count":1,"href":"https:\/\/radiocresatelital.com\/index.php?rest_route=\/wp\/v2\/posts\/44014\/revisions"}],"predecessor-version":[{"id":44016,"href":"https:\/\/radiocresatelital.com\/index.php?rest_route=\/wp\/v2\/posts\/44014\/revisions\/44016"}],"wp:featuredmedia":[{"embeddable":true,"href":"https:\/\/radiocresatelital.com\/index.php?rest_route=\/wp\/v2\/media\/44015"}],"wp:attachment":[{"href":"https:\/\/radiocresatelital.com\/index.php?rest_route=%2Fwp%2Fv2%2Fmedia&parent=44014"}],"wp:term":[{"taxonomy":"category","embeddable":true,"href":"https:\/\/radiocresatelital.com\/index.php?rest_route=%2Fwp%2Fv2%2Fcategories&post=44014"},{"taxonomy":"post_tag","embeddable":true,"href":"https:\/\/radiocresatelital.com\/index.php?rest_route=%2Fwp%2Fv2%2Ftags&post=44014"}],"curies":[{"name":"wp","href":"https:\/\/api.w.org\/{rel}","templated":true}]}}