{"id":44007,"date":"2025-12-15T17:45:49","date_gmt":"2025-12-15T17:45:49","guid":{"rendered":"https:\/\/radiocresatelital.com\/?p=44007"},"modified":"2025-12-15T20:47:32","modified_gmt":"2025-12-15T20:47:32","slug":"pronobis-y-coloncorp-dan-inicio-a-acqua-gardens-el-nuevo-polo-urbano-que-transformara-el-desarrollo-comercial-y-turistico-de-guayaquil","status":"publish","type":"post","link":"https:\/\/radiocresatelital.com\/?p=44007","title":{"rendered":"PRONOBIS y COLONCORP dan inicio a ACQUA GARDENS: el nuevo Polo Urbano que transformar\u00e1 el desarrollo comercial y tur\u00edstico de Guayaquil"},"content":{"rendered":"<p>Guayaquil.- Un proyecto de uso mixto que impulsa el dinamismo comercial, tur\u00edstico y urbano de Los Ceibos, con una proyecci\u00f3n en ventas de USD 77.7 millones s\u00f3lo en su primera fase, el proyecto generar\u00e1 m\u00e1s de 400 empleos y consolidar\u00e1 a Los Ceibos como un punto estrat\u00e9gico de crecimiento.<\/p>\n<p>Con un acto o\ufb01cial que marc\u00f3 el inicio de su etapa constructiva, Pronobis y Coloncorp dieron paso a una nueva etapa de Acqua Gardens, un desarrollo de uso mixto que se proyecta como uno de los m\u00e1s relevantes de la ciudad.<\/p>\n<p>Esta primera fase comprende la Torre 1 de Departamentos, la Torre 1 de O\ufb01cinas y Acqua Shops, una plaza comercial de alto impacto que potenciar\u00e1 la oferta urbana, econ\u00f3mica y tur\u00edstica de Los Ceibos.<\/p>\n<p>La sinergia estrat\u00e9gica entre ambas promotoras rea\ufb01rma su compromiso con un modelo de ciudad moderno, vibrante y sostenible, que impulsa la calidad de vida y dinamiza la actividad econ\u00f3mica.<\/p>\n<p><strong>UNA UBICACI\u00d3N PRIVILEGIADA EN EL CORAZ\u00d3N DE LOS CEIBOS<\/strong><br \/>\nSituado en una zona estrat\u00e9gica, con m\u00e1s de 100.000 habitantes y gran proyecci\u00f3n residencial y comercial de Guayaquil, Acqua Gardens se desarrolla en un punto clave que integra vivienda, comercio, o\ufb01cinas, entretenimiento y naturaleza.<\/p>\n<p>Su posici\u00f3n privilegiada en Los Ceibos lo consolida como un nuevo polo de desarrollo moderno, conectado y de alta plusval\u00eda, rodeado de servicios, movilidad y un entorno seguro y en crecimiento continuo.<\/p>\n","protected":false},"excerpt":{"rendered":"<p>Guayaquil.- Un proyecto de uso mixto que impulsa el dinamismo comercial, tur\u00edstico y urbano de Los Ceibos, con una proyecci\u00f3n en ventas de USD 77.7 millones s\u00f3lo en su primera fase, el proyecto generar\u00e1 m\u00e1s de 400 empleos y consolidar\u00e1 a Los Ceibos como un punto estrat\u00e9gico de crecimiento. Con un acto o\ufb01cial que marc\u00f3 [&hellip;]<\/p>\n","protected":false},"author":2,"featured_media":44008,"comment_status":"open","ping_status":"closed","sticky":false,"template":"","format":"standard","meta":{"_jetpack_memberships_contains_paid_content":false,"footnotes":""},"categories":[13],"tags":[7075],"class_list":["post-44007","post","type-post","status-publish","format-standard","has-post-thumbnail","hentry","category-noticias-nacionales","tag-acqua-gardens"],"jetpack_featured_media_url":"https:\/\/radiocresatelital.com\/wp-content\/uploads\/2025\/12\/WhatsApp-Image-2025-12-15-at-15.42.41.jpeg","jetpack_sharing_enabled":true,"_links":{"self":[{"href":"https:\/\/radiocresatelital.com\/index.php?rest_route=\/wp\/v2\/posts\/44007","targetHints":{"allow":["GET"]}}],"collection":[{"href":"https:\/\/radiocresatelital.com\/index.php?rest_route=\/wp\/v2\/posts"}],"about":[{"href":"https:\/\/radiocresatelital.com\/index.php?rest_route=\/wp\/v2\/types\/post"}],"author":[{"embeddable":true,"href":"https:\/\/radiocresatelital.com\/index.php?rest_route=\/wp\/v2\/users\/2"}],"replies":[{"embeddable":true,"href":"https:\/\/radiocresatelital.com\/index.php?rest_route=%2Fwp%2Fv2%2Fcomments&post=44007"}],"version-history":[{"count":1,"href":"https:\/\/radiocresatelital.com\/index.php?rest_route=\/wp\/v2\/posts\/44007\/revisions"}],"predecessor-version":[{"id":44009,"href":"https:\/\/radiocresatelital.com\/index.php?rest_route=\/wp\/v2\/posts\/44007\/revisions\/44009"}],"wp:featuredmedia":[{"embeddable":true,"href":"https:\/\/radiocresatelital.com\/index.php?rest_route=\/wp\/v2\/media\/44008"}],"wp:attachment":[{"href":"https:\/\/radiocresatelital.com\/index.php?rest_route=%2Fwp%2Fv2%2Fmedia&parent=44007"}],"wp:term":[{"taxonomy":"category","embeddable":true,"href":"https:\/\/radiocresatelital.com\/index.php?rest_route=%2Fwp%2Fv2%2Fcategories&post=44007"},{"taxonomy":"post_tag","embeddable":true,"href":"https:\/\/radiocresatelital.com\/index.php?rest_route=%2Fwp%2Fv2%2Ftags&post=44007"}],"curies":[{"name":"wp","href":"https:\/\/api.w.org\/{rel}","templated":true}]}}