{"id":43983,"date":"2025-12-15T19:50:35","date_gmt":"2025-12-15T19:50:35","guid":{"rendered":"https:\/\/radiocresatelital.com\/?p=43983"},"modified":"2025-12-15T19:50:46","modified_gmt":"2025-12-15T19:50:46","slug":"movistar-best-pc-sigue-como-lider-de-la-montana-de-la-vuelta-a-costa-rica","status":"publish","type":"post","link":"https:\/\/radiocresatelital.com\/?p=43983","title":{"rendered":"Movistar Best PC sigue como l\u00edder de la monta\u00f1a de la Vuelta a Costa Rica"},"content":{"rendered":"<p>San Jos\u00e9.- El Movistar Best PC se mantiene como l\u00edder de los premios de monta\u00f1a de la edici\u00f3n 59 de la Vuelta a Costa Rica, con Santiago Montenegro, tras el desarrollo de la cuarta etapa, una cronoescalada de 16.9 kil\u00f3metros, entre Turrialba La Pastora.<\/p>\n<p>Montenegro suma 40 puntos, dejando el segundo lugar para Luis Aguilar (7C Economy Hyndai) y en la tercera casilla aparece otro costarricense: Leandro Valera, tambi\u00e9n del Economy, ambos con 19 unidades.<\/p>\n<p>Adem\u00e1s de comandar la general de la monta\u00f1a, el corredor Telef\u00f3nico se ubica en el puesto 13 de la general, encabezada por Valera. El mejor ecuatoriano es su compa\u00f1ero Nixon Rosero, quien se encuentra en la s\u00e9ptima casilla.<\/p>\n<p>El Movistar Best PC coloca a otro corredor en el top ten de la general; se trata de Richard Huera. El vigente campe\u00f3n de la Vuelta al Ecuador ocupa la octava plaza.<\/p>\n<p>La otra buena nueva para el \u00fanico equipo continental ecuatoriano es que tiene a dos de sus pedalistas entre los 10 primeros de la categor\u00eda sub 23. H\u00e9ctor \u00c1lvarez y Luis Monteros, quienes est\u00e1n en los puestos 8 y 9 respectivamente.<br \/>\nMientras que, en la general, \u00c1lvarez aparece en la posici\u00f3n 32 y Monteros 27.<\/p>\n<p>El resto de sus compa\u00f1eros se colocan entre los 30 primeros, de 92 ciclistas en carrera: Erick Pozo en el lugar 26 y Byron Guam\u00e1 en el 28.<\/p>\n<p>La quinta etapa de la edici\u00f3n 59 de la Vuelta a Costa Rica tendr\u00e1 lugar este martes 16 de diciembre. La salida est\u00e1 prevista en la capital del pa\u00eds, San Jos\u00e9, para luego de atravesar 126.5 kil\u00f3metros llegar a la localidad de P\u00e9rez Zeled\u00f3n.<\/p>\n","protected":false},"excerpt":{"rendered":"<p>San Jos\u00e9.- El Movistar Best PC se mantiene como l\u00edder de los premios de monta\u00f1a de la edici\u00f3n 59 de la Vuelta a Costa Rica, con Santiago Montenegro, tras el desarrollo de la cuarta etapa, una cronoescalada de 16.9 kil\u00f3metros, entre Turrialba La Pastora. Montenegro suma 40 puntos, dejando el segundo lugar para Luis Aguilar [&hellip;]<\/p>\n","protected":false},"author":2,"featured_media":43984,"comment_status":"open","ping_status":"closed","sticky":false,"template":"","format":"standard","meta":{"_jetpack_memberships_contains_paid_content":false,"footnotes":""},"categories":[120,9],"tags":[1029],"class_list":["post-43983","post","type-post","status-publish","format-standard","has-post-thumbnail","hentry","category-ciclismo","category-deportes","tag-movistar-best-pc"],"jetpack_featured_media_url":"https:\/\/radiocresatelital.com\/wp-content\/uploads\/2025\/12\/WhatsApp-Image-2025-12-15-at-14.49.37-scaled.jpeg","jetpack_sharing_enabled":true,"_links":{"self":[{"href":"https:\/\/radiocresatelital.com\/index.php?rest_route=\/wp\/v2\/posts\/43983","targetHints":{"allow":["GET"]}}],"collection":[{"href":"https:\/\/radiocresatelital.com\/index.php?rest_route=\/wp\/v2\/posts"}],"about":[{"href":"https:\/\/radiocresatelital.com\/index.php?rest_route=\/wp\/v2\/types\/post"}],"author":[{"embeddable":true,"href":"https:\/\/radiocresatelital.com\/index.php?rest_route=\/wp\/v2\/users\/2"}],"replies":[{"embeddable":true,"href":"https:\/\/radiocresatelital.com\/index.php?rest_route=%2Fwp%2Fv2%2Fcomments&post=43983"}],"version-history":[{"count":1,"href":"https:\/\/radiocresatelital.com\/index.php?rest_route=\/wp\/v2\/posts\/43983\/revisions"}],"predecessor-version":[{"id":43985,"href":"https:\/\/radiocresatelital.com\/index.php?rest_route=\/wp\/v2\/posts\/43983\/revisions\/43985"}],"wp:featuredmedia":[{"embeddable":true,"href":"https:\/\/radiocresatelital.com\/index.php?rest_route=\/wp\/v2\/media\/43984"}],"wp:attachment":[{"href":"https:\/\/radiocresatelital.com\/index.php?rest_route=%2Fwp%2Fv2%2Fmedia&parent=43983"}],"wp:term":[{"taxonomy":"category","embeddable":true,"href":"https:\/\/radiocresatelital.com\/index.php?rest_route=%2Fwp%2Fv2%2Fcategories&post=43983"},{"taxonomy":"post_tag","embeddable":true,"href":"https:\/\/radiocresatelital.com\/index.php?rest_route=%2Fwp%2Fv2%2Ftags&post=43983"}],"curies":[{"name":"wp","href":"https:\/\/api.w.org\/{rel}","templated":true}]}}