{"id":43975,"date":"2025-12-15T19:42:19","date_gmt":"2025-12-15T19:42:19","guid":{"rendered":"https:\/\/radiocresatelital.com\/?p=43975"},"modified":"2025-12-15T20:26:04","modified_gmt":"2025-12-15T20:26:04","slug":"despues-de-casi-una-decada-hay-consenso-gobierno-empleadores-y-trabajadores-acuerdan-fijar-el-salario-basico-unificado-de-2026-en-usd-482-no-hay-imposicion-hay-union","status":"publish","type":"post","link":"https:\/\/radiocresatelital.com\/?p=43975","title":{"rendered":"Despu\u00e9s de casi una d\u00e9cada, hay consenso: Gobierno, empleadores y trabajadores acuerdan fijar el Salario B\u00e1sico Unificado de 2026 en USD 482. No hay imposici\u00f3n, hay uni\u00f3n"},"content":{"rendered":"<p>Quito.- La ma\u00f1ana de este lunes, 15 de diciembre, el Gobierno Nacional, a trav\u00e9s del Ministerio del Trabajo, informa que, tras un proceso de di\u00e1logo t\u00e9cnico y constructivo entre representantes del Gobierno, empleadores y trabajadores, se alcanz\u00f3 un consenso hist\u00f3rico para la fijaci\u00f3n del Salario B\u00e1sico Unificado (SBU) del a\u00f1o 2026, que se establecer\u00e1 en USD 482, con un incremento de USD 12.<\/p>\n<p>La decisi\u00f3n fue adoptada en el seno del Consejo Nacional de Trabajo y Salarios, instancia tripartita en la que, luego de un an\u00e1lisis detallado de los indicadores econ\u00f3micos, sectoriales y laborales, se logr\u00f3 un acuerdo que responde a criterios de responsabilidad econ\u00f3mica, sostenibilidad empresarial y bienestar para los trabajadores ecuatorianos.<\/p>\n<p>Esta es la primera vez en nueve a\u00f1os que es posible establecer el nuevo valor del SBU mediante un acuerdo entre todas las partes y refleja el crecimiento econ\u00f3mico que atraviesa el pa\u00eds y que se traduce en mejores ingresos para<br \/>\nlos hogares.<\/p>\n<p>El Ministro del Trabajo, Harold Burbano, destac\u00f3 que este consenso tambi\u00e9n pone en evidencia \u201cel compromiso del pa\u00eds por avanzar hacia un modelo laboral equilibrado, donde las decisiones se construyen desde el di\u00e1logo y la<br \/>\ncorresponsabilidad de todos los actores\u201d.<\/p>\n<p>Este incremento al SBU busca fortalecer el poder adquisitivo de los trabajadores, impulsar la productividad y asegurar un entorno que promueva la estabilidad laboral y el crecimiento econ\u00f3mico.<\/p>\n<p>El Gobierno Nacional ratifica su voluntad de mantener espacios permanentes de di\u00e1logo y participaci\u00f3n, construyendo acuerdos que fortalezcan el desarrollo del pa\u00eds y beneficien a millones de familias ecuatorianas.<\/p>\n","protected":false},"excerpt":{"rendered":"<p>Quito.- La ma\u00f1ana de este lunes, 15 de diciembre, el Gobierno Nacional, a trav\u00e9s del Ministerio del Trabajo, informa que, tras un proceso de di\u00e1logo t\u00e9cnico y constructivo entre representantes del Gobierno, empleadores y trabajadores, se alcanz\u00f3 un consenso hist\u00f3rico para la fijaci\u00f3n del Salario B\u00e1sico Unificado (SBU) del a\u00f1o 2026, que se establecer\u00e1 en [&hellip;]<\/p>\n","protected":false},"author":2,"featured_media":43976,"comment_status":"open","ping_status":"closed","sticky":false,"template":"","format":"standard","meta":{"_jetpack_memberships_contains_paid_content":false,"footnotes":""},"categories":[13],"tags":[2545,7068],"class_list":["post-43975","post","type-post","status-publish","format-standard","has-post-thumbnail","hentry","category-noticias-nacionales","tag-ministerio-del-trabajo","tag-salario-basico-unificado"],"jetpack_featured_media_url":"https:\/\/radiocresatelital.com\/wp-content\/uploads\/2025\/12\/salario-basico-unificado-2026-acuerdo-burbano.jpg","jetpack_sharing_enabled":true,"_links":{"self":[{"href":"https:\/\/radiocresatelital.com\/index.php?rest_route=\/wp\/v2\/posts\/43975","targetHints":{"allow":["GET"]}}],"collection":[{"href":"https:\/\/radiocresatelital.com\/index.php?rest_route=\/wp\/v2\/posts"}],"about":[{"href":"https:\/\/radiocresatelital.com\/index.php?rest_route=\/wp\/v2\/types\/post"}],"author":[{"embeddable":true,"href":"https:\/\/radiocresatelital.com\/index.php?rest_route=\/wp\/v2\/users\/2"}],"replies":[{"embeddable":true,"href":"https:\/\/radiocresatelital.com\/index.php?rest_route=%2Fwp%2Fv2%2Fcomments&post=43975"}],"version-history":[{"count":1,"href":"https:\/\/radiocresatelital.com\/index.php?rest_route=\/wp\/v2\/posts\/43975\/revisions"}],"predecessor-version":[{"id":43977,"href":"https:\/\/radiocresatelital.com\/index.php?rest_route=\/wp\/v2\/posts\/43975\/revisions\/43977"}],"wp:featuredmedia":[{"embeddable":true,"href":"https:\/\/radiocresatelital.com\/index.php?rest_route=\/wp\/v2\/media\/43976"}],"wp:attachment":[{"href":"https:\/\/radiocresatelital.com\/index.php?rest_route=%2Fwp%2Fv2%2Fmedia&parent=43975"}],"wp:term":[{"taxonomy":"category","embeddable":true,"href":"https:\/\/radiocresatelital.com\/index.php?rest_route=%2Fwp%2Fv2%2Fcategories&post=43975"},{"taxonomy":"post_tag","embeddable":true,"href":"https:\/\/radiocresatelital.com\/index.php?rest_route=%2Fwp%2Fv2%2Ftags&post=43975"}],"curies":[{"name":"wp","href":"https:\/\/api.w.org\/{rel}","templated":true}]}}