{"id":43972,"date":"2025-12-15T19:38:31","date_gmt":"2025-12-15T19:38:31","guid":{"rendered":"https:\/\/radiocresatelital.com\/?p=43972"},"modified":"2025-12-15T19:38:40","modified_gmt":"2025-12-15T19:38:40","slug":"corredores-navidenos-atraen-a-clientes-con-precios-accesibles","status":"publish","type":"post","link":"https:\/\/radiocresatelital.com\/?p=43972","title":{"rendered":"Corredores Navide\u00f1os atraen a clientes con precios accesibles"},"content":{"rendered":"<p>Guayaquil.- La segunda quincena de diciembre marca el periodo m\u00e1s activo para el comercio en Guayaquil y los Corredores Navide\u00f1os se han convertido en uno de los principales puntos de encuentro para miles de compradores. Promociones como \u201c3 por USD 10\u201d o \u201cpijamas a USD 12\u201d se repiten entre los puestos, creando un ambiente din\u00e1mico que impulsa las compras de temporada.<\/p>\n<p>Estos espacios, organizados por el Muy Ilustre Municipio de Guayaquil, a trav\u00e9s de la Direcci\u00f3n de Aseo Cantonal, Mercados y Servicios Especiales (DACMSE), ofrecen una alternativa ordenada y segura para adquirir productos navide\u00f1os a precios accesibles, beneficiando tanto a consumidores como a comerciantes.<\/p>\n<p>Actualmente funcionan tres corredores, habilitados de 08h30 a 18h30 locales (13h30 a 23h30 GMT), ubicados en sectores estrat\u00e9gicos de la ciudad:<br \/>\n\u2022 Zona 1: Capit\u00e1n N\u00e1jera, desde Chile hasta Cacique \u00c1lvarez.<br \/>\n\u2022 Zona 2: Febres Cordero, desde Eloy Alfaro hasta Cacique \u00c1lvarez.<br \/>\n\u2022 Zona 3: Suburbio, en la calle 28 y la F, y en la 29 y la E, en los exteriores de la Unidad Educativa Coraz\u00f3n de Mar\u00eda.<\/p>\n<p>Clara Le\u00f3n, luego de realizar sus compras, resalt\u00f3 la tranquilidad del entorno: \u201cHa estado tranquilo, gracias a Dios\u201d. Esta percepci\u00f3n responde a la presencia permanente del Eje de Seguridad Municipal, integrado por Agentes de Control Municipal (ACM), personal de la ATM, delegados de Justicia y Vigilancia y supervisores de la DACMSE, adem\u00e1s del monitoreo constante desde el C5GYE mediante c\u00e1maras de videovigilancia.<\/p>\n<p>Este es el tercer a\u00f1o consecutivo en que el Cabildo habilita espacios limpios, organizados y seguros para la actividad comercial navide\u00f1a, permitiendo que m\u00e1s de 1.200 comerciantes ofrezcan sus productos durante esta temporada.<\/p>\n<p>La propuesta tambi\u00e9n atrae a compradores de otros cantones. G\u00e9nesis Vinces lleg\u00f3 desde Balzar en busca de juguetes a menor costo. \u201cVengo principalmente por el precio, para ver si encuentro productos m\u00e1s econ\u00f3micos que en mi ciudad\u201d, coment\u00f3.<\/p>\n<p>Entre los art\u00edculos con mayor demanda destacan zapatos, prendas de vestir y juguetes. Javier Pe\u00f1a, uno de los comerciantes, explic\u00f3 la variedad de productos disponibles, que incluye incluso servicios adicionales como envoltura de regalos: \u201cEste carrito es nuevo, reci\u00e9n salido.<\/p>\n<p>Tiene luces y sonido, se controla con un mando y un reloj que funciona como sensor de mano\u201d. Con esta iniciativa, el Municipio de Guayaquil impulsa el comercio local durante la temporada navide\u00f1a, promueve el orden en el espacio p\u00fablico y facilita que la ciudadan\u00eda realice sus compras en entornos organizados, seguros y accesibles.<\/p>\n","protected":false},"excerpt":{"rendered":"<p>Guayaquil.- La segunda quincena de diciembre marca el periodo m\u00e1s activo para el comercio en Guayaquil y los Corredores Navide\u00f1os se han convertido en uno de los principales puntos de encuentro para miles de compradores. Promociones como \u201c3 por USD 10\u201d o \u201cpijamas a USD 12\u201d se repiten entre los puestos, creando un ambiente din\u00e1mico [&hellip;]<\/p>\n","protected":false},"author":2,"featured_media":43973,"comment_status":"open","ping_status":"closed","sticky":false,"template":"","format":"standard","meta":{"_jetpack_memberships_contains_paid_content":false,"footnotes":""},"categories":[33,13],"tags":[6947],"class_list":["post-43972","post","type-post","status-publish","format-standard","has-post-thumbnail","hentry","category-guayaquil","category-noticias-nacionales","tag-corredores-navidenos"],"jetpack_featured_media_url":"https:\/\/radiocresatelital.com\/wp-content\/uploads\/2025\/12\/IMG-20251214-WA0122-scaled.jpg","jetpack_sharing_enabled":true,"_links":{"self":[{"href":"https:\/\/radiocresatelital.com\/index.php?rest_route=\/wp\/v2\/posts\/43972","targetHints":{"allow":["GET"]}}],"collection":[{"href":"https:\/\/radiocresatelital.com\/index.php?rest_route=\/wp\/v2\/posts"}],"about":[{"href":"https:\/\/radiocresatelital.com\/index.php?rest_route=\/wp\/v2\/types\/post"}],"author":[{"embeddable":true,"href":"https:\/\/radiocresatelital.com\/index.php?rest_route=\/wp\/v2\/users\/2"}],"replies":[{"embeddable":true,"href":"https:\/\/radiocresatelital.com\/index.php?rest_route=%2Fwp%2Fv2%2Fcomments&post=43972"}],"version-history":[{"count":1,"href":"https:\/\/radiocresatelital.com\/index.php?rest_route=\/wp\/v2\/posts\/43972\/revisions"}],"predecessor-version":[{"id":43974,"href":"https:\/\/radiocresatelital.com\/index.php?rest_route=\/wp\/v2\/posts\/43972\/revisions\/43974"}],"wp:featuredmedia":[{"embeddable":true,"href":"https:\/\/radiocresatelital.com\/index.php?rest_route=\/wp\/v2\/media\/43973"}],"wp:attachment":[{"href":"https:\/\/radiocresatelital.com\/index.php?rest_route=%2Fwp%2Fv2%2Fmedia&parent=43972"}],"wp:term":[{"taxonomy":"category","embeddable":true,"href":"https:\/\/radiocresatelital.com\/index.php?rest_route=%2Fwp%2Fv2%2Fcategories&post=43972"},{"taxonomy":"post_tag","embeddable":true,"href":"https:\/\/radiocresatelital.com\/index.php?rest_route=%2Fwp%2Fv2%2Ftags&post=43972"}],"curies":[{"name":"wp","href":"https:\/\/api.w.org\/{rel}","templated":true}]}}