{"id":43966,"date":"2025-12-15T19:23:26","date_gmt":"2025-12-15T19:23:26","guid":{"rendered":"https:\/\/radiocresatelital.com\/?p=43966"},"modified":"2025-12-15T19:23:38","modified_gmt":"2025-12-15T19:23:38","slug":"mercados-municipales-seran-renovados-tras-mas-de-una-decada-sin-intervenciones","status":"publish","type":"post","link":"https:\/\/radiocresatelital.com\/?p=43966","title":{"rendered":"Mercados municipales ser\u00e1n renovados tras m\u00e1s de una d\u00e9cada sin intervenciones"},"content":{"rendered":"<p>Guayaquil.- La red de mercados municipales de Guayaquil entrar\u00e1 en un proceso de renovaci\u00f3n integral de su infraestructura, una intervenci\u00f3n largamente esperada en espacios que no han recibido mejoras significativas en m\u00e1s de 12 a\u00f1os. El proyecto ya se encuentra publicado en el portal de compras p\u00fablicas.<\/p>\n<p>El anuncio lo realiz\u00f3 el alcalde Aquiles Alvarez durante un recorrido por los mercados Florida Norte y Los Vergeles, este \u00faltimo a prop\u00f3sito de sus dos a\u00f1os de funcionamiento.<\/p>\n<p>Durante la visita, el Burgomaestre explic\u00f3 a los comerciantes que la regeneraci\u00f3n contempla mejoras completas en luminarias, pisos, techos, infraestructura general y el reemplazo total de generadores el\u00e9ctricos antiguos.<\/p>\n<p>Adem\u00e1s, indic\u00f3 que la iniciativa responde directamente a los requerimientos recogidos en todos los mercados de la ciudad, donde las principales solicitudes han estado relacionadas con seguridad, iluminaci\u00f3n e infraestructura. \u201cEs importante que los comerciantes sepan que el proceso para regeneraci\u00f3n, renovaci\u00f3n integral de todos los mercados de Guayaquil, est\u00e1 en el portal de compras p\u00fablicas. Ojal\u00e1 no lo suspendan, pero se contempla arreglos en toda la infraestructura\u201d, expres\u00f3.<\/p>\n<p>En el Mercado de Los Vergeles, comerciantes y usuarios destacaron el buen funcionamiento del espacio, el ambiente ordenado y la calidad en la atenci\u00f3n, as\u00ed como la oferta de productos frescos para los habitantes del norte de la ciudad. La visita permiti\u00f3 constatar \u00e1reas de mariscos, c\u00e1rnicos, legumbres, frutas, art\u00edculos de abasto y un patio de comidas, adem\u00e1s de recoger solicitudes puntuales como el refuerzo de la se\u00f1al\u00e9tica para atraer a m\u00e1s visitantes.<\/p>\n<p>\u201cTenemos un patio de comida con una variedad de diferentes comidas al paladar del gusto de las personas, legumbre fresca, fruta fresca y lo que es art\u00edculos de abasto\u201d, enfatiz\u00f3 el presidente del Mercado de Los Vergeles, David Morocho.<\/p>\n<p>Los moradores del sector tambi\u00e9n expresaron su satisfacci\u00f3n. Ra\u00fal Flores, residente de la zona, valor\u00f3 la cercan\u00eda y utilidad del mercado. \u201cNos sentimos muy agradecidos de parte del alcalde por este mercado que hac\u00eda tanta falta, ya esto nos evita ir a otros lugares y aqu\u00ed venimos semanalmente\u201d.<\/p>\n<p>La renovaci\u00f3n integral de la red de mercados municipales reafirma el compromiso de la Alcald\u00eda de Guayaquil con la modernizaci\u00f3n de los centros de abasto, fortaleciendo espacios clave para el comercio local y el abastecimiento diario de miles de familias guayaquile\u00f1as.<\/p>\n","protected":false},"excerpt":{"rendered":"<p>Guayaquil.- La red de mercados municipales de Guayaquil entrar\u00e1 en un proceso de renovaci\u00f3n integral de su infraestructura, una intervenci\u00f3n largamente esperada en espacios que no han recibido mejoras significativas en m\u00e1s de 12 a\u00f1os. El proyecto ya se encuentra publicado en el portal de compras p\u00fablicas. El anuncio lo realiz\u00f3 el alcalde Aquiles Alvarez [&hellip;]<\/p>\n","protected":false},"author":2,"featured_media":43967,"comment_status":"open","ping_status":"closed","sticky":false,"template":"","format":"standard","meta":{"_jetpack_memberships_contains_paid_content":false,"footnotes":""},"categories":[33,13],"tags":[1519],"class_list":["post-43966","post","type-post","status-publish","format-standard","has-post-thumbnail","hentry","category-guayaquil","category-noticias-nacionales","tag-alcalde-aquiles-alvarez"],"jetpack_featured_media_url":"https:\/\/radiocresatelital.com\/wp-content\/uploads\/2025\/12\/IMG-20251215-WA0060-scaled.jpg","jetpack_sharing_enabled":true,"_links":{"self":[{"href":"https:\/\/radiocresatelital.com\/index.php?rest_route=\/wp\/v2\/posts\/43966","targetHints":{"allow":["GET"]}}],"collection":[{"href":"https:\/\/radiocresatelital.com\/index.php?rest_route=\/wp\/v2\/posts"}],"about":[{"href":"https:\/\/radiocresatelital.com\/index.php?rest_route=\/wp\/v2\/types\/post"}],"author":[{"embeddable":true,"href":"https:\/\/radiocresatelital.com\/index.php?rest_route=\/wp\/v2\/users\/2"}],"replies":[{"embeddable":true,"href":"https:\/\/radiocresatelital.com\/index.php?rest_route=%2Fwp%2Fv2%2Fcomments&post=43966"}],"version-history":[{"count":1,"href":"https:\/\/radiocresatelital.com\/index.php?rest_route=\/wp\/v2\/posts\/43966\/revisions"}],"predecessor-version":[{"id":43968,"href":"https:\/\/radiocresatelital.com\/index.php?rest_route=\/wp\/v2\/posts\/43966\/revisions\/43968"}],"wp:featuredmedia":[{"embeddable":true,"href":"https:\/\/radiocresatelital.com\/index.php?rest_route=\/wp\/v2\/media\/43967"}],"wp:attachment":[{"href":"https:\/\/radiocresatelital.com\/index.php?rest_route=%2Fwp%2Fv2%2Fmedia&parent=43966"}],"wp:term":[{"taxonomy":"category","embeddable":true,"href":"https:\/\/radiocresatelital.com\/index.php?rest_route=%2Fwp%2Fv2%2Fcategories&post=43966"},{"taxonomy":"post_tag","embeddable":true,"href":"https:\/\/radiocresatelital.com\/index.php?rest_route=%2Fwp%2Fv2%2Ftags&post=43966"}],"curies":[{"name":"wp","href":"https:\/\/api.w.org\/{rel}","templated":true}]}}