{"id":43951,"date":"2025-12-12T23:29:43","date_gmt":"2025-12-12T23:29:43","guid":{"rendered":"https:\/\/radiocresatelital.com\/?p=43951"},"modified":"2025-12-12T23:29:43","modified_gmt":"2025-12-12T23:29:43","slug":"vacunacion-oportuna-y-vigilancia-epidemiologica-activa","status":"publish","type":"post","link":"https:\/\/radiocresatelital.com\/?p=43951","title":{"rendered":"Vacunaci\u00f3n oportuna y vigilancia epidemiol\u00f3gica activa"},"content":{"rendered":"<p>Quito.-\u00a0En Ecuador, al igual que en el resto del mundo, circulan varios virus respiratorios a la vez, incluyendo diferentes tipos de Influenza (A\/H1N1, A\/H3N2, B), Virus Sincitial Respiratorio (VSR), y el SARS-CoV-2 (COVID-19).<\/p>\n<p>Bajo el liderazgo de la Vicepresidenta de la Rep\u00fablica, Mar\u00eda Jos\u00e9 Pinto, esta cartera de Estado desarrolla la\u00a0<strong>\u201cCampa\u00f1a Nacional de Vacunaci\u00f3n contra la influenza<\/strong>\u201d, con el objetivo de\u00a0<strong>proteger especialmente a los grupos de riesgo<\/strong>\u00a0(ni\u00f1os peque\u00f1os, adultos mayores, personas con enfermedades cr\u00f3nicas y mujeres embarazadas).<\/p>\n<p><strong>La estrategia se extiende hasta marzo de 2026<\/strong>\u00a0y cuenta con 4.5 millones de dosis.<\/p>\n<p>La vacuna actual contra el virus de la influenza mantiene niveles de protecci\u00f3n similares a temporadas previas, especialmente para prevenir casos graves y hospitalizaciones.<\/p>\n<p>Adem\u00e1s, para reforzar las medidas de prevenci\u00f3n se recomienda:\u00a0<strong>lavado de manos constante y la vacunaci\u00f3n oportuna; en caso de presentar s\u00edntomas gripales el uso de mascarilla.<\/strong><strong>\u00a0<\/strong><\/p>\n","protected":false},"excerpt":{"rendered":"<p>Quito.-\u00a0En Ecuador, al igual que en el resto del mundo, circulan varios virus respiratorios a la vez, incluyendo diferentes tipos de Influenza (A\/H1N1, A\/H3N2, B), Virus Sincitial Respiratorio (VSR), y el SARS-CoV-2 (COVID-19). Bajo el liderazgo de la Vicepresidenta de la Rep\u00fablica, Mar\u00eda Jos\u00e9 Pinto, esta cartera de Estado desarrolla la\u00a0\u201cCampa\u00f1a Nacional de Vacunaci\u00f3n contra [&hellip;]<\/p>\n","protected":false},"author":2,"featured_media":43952,"comment_status":"open","ping_status":"closed","sticky":false,"template":"","format":"standard","meta":{"_jetpack_memberships_contains_paid_content":false,"footnotes":""},"categories":[13],"tags":[7063,4767,1336],"class_list":["post-43951","post","type-post","status-publish","format-standard","has-post-thumbnail","hentry","category-noticias-nacionales","tag-campana-nacional-de-vacunacion-contra-la-influenza","tag-maria-jose-pinto","tag-vicepresidenta-de-la-republica"],"jetpack_featured_media_url":"https:\/\/radiocresatelital.com\/wp-content\/uploads\/2025\/12\/WhatsApp-Image-2025-12-12-at-16.46.08.jpeg","jetpack_sharing_enabled":true,"_links":{"self":[{"href":"https:\/\/radiocresatelital.com\/index.php?rest_route=\/wp\/v2\/posts\/43951","targetHints":{"allow":["GET"]}}],"collection":[{"href":"https:\/\/radiocresatelital.com\/index.php?rest_route=\/wp\/v2\/posts"}],"about":[{"href":"https:\/\/radiocresatelital.com\/index.php?rest_route=\/wp\/v2\/types\/post"}],"author":[{"embeddable":true,"href":"https:\/\/radiocresatelital.com\/index.php?rest_route=\/wp\/v2\/users\/2"}],"replies":[{"embeddable":true,"href":"https:\/\/radiocresatelital.com\/index.php?rest_route=%2Fwp%2Fv2%2Fcomments&post=43951"}],"version-history":[{"count":1,"href":"https:\/\/radiocresatelital.com\/index.php?rest_route=\/wp\/v2\/posts\/43951\/revisions"}],"predecessor-version":[{"id":43953,"href":"https:\/\/radiocresatelital.com\/index.php?rest_route=\/wp\/v2\/posts\/43951\/revisions\/43953"}],"wp:featuredmedia":[{"embeddable":true,"href":"https:\/\/radiocresatelital.com\/index.php?rest_route=\/wp\/v2\/media\/43952"}],"wp:attachment":[{"href":"https:\/\/radiocresatelital.com\/index.php?rest_route=%2Fwp%2Fv2%2Fmedia&parent=43951"}],"wp:term":[{"taxonomy":"category","embeddable":true,"href":"https:\/\/radiocresatelital.com\/index.php?rest_route=%2Fwp%2Fv2%2Fcategories&post=43951"},{"taxonomy":"post_tag","embeddable":true,"href":"https:\/\/radiocresatelital.com\/index.php?rest_route=%2Fwp%2Fv2%2Ftags&post=43951"}],"curies":[{"name":"wp","href":"https:\/\/api.w.org\/{rel}","templated":true}]}}