{"id":43948,"date":"2025-12-12T21:52:45","date_gmt":"2025-12-12T21:52:45","guid":{"rendered":"https:\/\/radiocresatelital.com\/?p=43948"},"modified":"2025-12-12T21:52:45","modified_gmt":"2025-12-12T21:52:45","slug":"presidentes-de-ecuador-y-peru-concluyen-encuentro-binacional-con-compromisos-en-seguridad-control-fronterizos-y-desarrollo","status":"publish","type":"post","link":"https:\/\/radiocresatelital.com\/?p=43948","title":{"rendered":"Presidentes de Ecuador y Per\u00fa concluyen encuentro Binacional con compromisos en seguridad, control fronterizos y desarrollo"},"content":{"rendered":"<p>Quito, Ecuador.- Los presidentes de la Rep\u00fablica del Ecuador, Daniel Noboa Azin, y de la Rep\u00fablica del Per\u00fa, Jos\u00e9 Jer\u00ed Or\u00e9, ofrecieron declaraciones oficiales al concluir el Encuentro Presidencial y el XVI Gabinete Binacional, realizado este 12 de diciembre de 2025 en el Palacio de Carondelet, en Quito. En este espacio se evaluaron los avances de la agenda bilateral y se trazaron nuevos compromisos de cooperaci\u00f3n.<\/p>\n<p>Durante sus intervenciones, ambos resaltaron la voluntad pol\u00edtica de sus gobiernos para trabajar de manera articulada, subrayando que el objetivo central de estos esfuerzos es servir a sus pueblos y mejorar las condiciones de vida de la ciudadan\u00eda ecuatoriana y peruana.<\/p>\n<p>\u201cLos criminales y quienes buscan hacer el mal siempre encuentran la forma de unirse. Quienes hacemos las cosas bien, quienes buscamos el bienestar de los ciudadanos, debemos encontrar la mejor forma de trabajar juntos para sacar adelante a nuestros pueblos, generar empleo, brindar seguridad y dar tranquilidad a las familias\u201d, se\u00f1al\u00f3 el<br \/>\npresidente Noboa.<\/p>\n<p>En ese sentido, puntualiz\u00f3 los principales temas tratados en este encuentro presidencial y ministerial, como el trabajo orientado a fortalecer la cooperaci\u00f3n en materia de seguridad y control fronterizo, as\u00ed como para enfrentar de manera coordinada la miner\u00eda ilegal y el narcotr\u00e1fico, principales fuentes de financiamiento del crimen organizado transnacional.<\/p>\n<p>Tambi\u00e9n se discutieron iniciativas de cooperaci\u00f3n en infraestructura y energ\u00eda, as\u00ed como la promoci\u00f3n del comercio y asuntos sociales y culturales.<\/p>\n<p>Como resultado concreto de esta jornada de trabajo, se suscribi\u00f3 la Declaraci\u00f3n Presidencial de Quito y se adopt\u00f3 el Plan de Acci\u00f3n de Quito 2025, que orientar\u00e1 el trabajo conjunto durante el per\u00edodo 2025\u20132026. Asimismo, se firm\u00f3 un Memorando de Entendimiento en materia de hidrocarburos entre el Ministerio de Ambiente y Energ\u00eda del Ecuador y el Ministerio de Minas y Energ\u00eda del Per\u00fa.<\/p>\n<p>Por su parte, el presidente del Per\u00fa reafirm\u00f3 el compromiso de su pa\u00eds con el di\u00e1logo y la ejecuci\u00f3n de los compromisos asumidos, destacando la importancia del Gabinete Binacional como un mecanismo eficaz para consolidar una relaci\u00f3n basada en la confianza y el beneficio mutuo. \u201cEs el momento de llevar nuestras relaciones bilaterales a un nivel m\u00e1s alto, aprovechando la experiencia de nuestros gobiernos con la juventud\u201d, indic\u00f3.<\/p>\n<p>Las delegaciones ecuatoriana y peruana estuvieron integradas por once titulares de carteras estrat\u00e9gicas, entre ellas, Relaciones Exteriores, Defensa, Interior, Transporte, Telecomunicaciones, Infraestructura, Econom\u00eda, Energ\u00eda y Minas, Ambiente, Comercio Exterior y Agricultura.<\/p>\n<p>El Encuentro Presidencial y el XVI Gabinete Binacional concluyeron con el compromiso de dar seguimiento t\u00e9cnico e institucional a los acuerdos adoptados, como parte del esfuerzo conjunto por fortalecer la integraci\u00f3n regional.<\/p>\n","protected":false},"excerpt":{"rendered":"<p>Quito, Ecuador.- Los presidentes de la Rep\u00fablica del Ecuador, Daniel Noboa Azin, y de la Rep\u00fablica del Per\u00fa, Jos\u00e9 Jer\u00ed Or\u00e9, ofrecieron declaraciones oficiales al concluir el Encuentro Presidencial y el XVI Gabinete Binacional, realizado este 12 de diciembre de 2025 en el Palacio de Carondelet, en Quito. En este espacio se evaluaron los avances [&hellip;]<\/p>\n","protected":false},"author":2,"featured_media":43949,"comment_status":"open","ping_status":"closed","sticky":false,"template":"","format":"standard","meta":{"_jetpack_memberships_contains_paid_content":false,"footnotes":""},"categories":[13],"tags":[7062,1322,6689],"class_list":["post-43948","post","type-post","status-publish","format-standard","has-post-thumbnail","hentry","category-noticias-nacionales","tag-jose-jeri-ore","tag-presidente-daniel-noboa","tag-presidente-de-peru"],"jetpack_featured_media_url":"https:\/\/radiocresatelital.com\/wp-content\/uploads\/2025\/12\/54980340770_ebdd926f0d_c.jpg","jetpack_sharing_enabled":true,"_links":{"self":[{"href":"https:\/\/radiocresatelital.com\/index.php?rest_route=\/wp\/v2\/posts\/43948","targetHints":{"allow":["GET"]}}],"collection":[{"href":"https:\/\/radiocresatelital.com\/index.php?rest_route=\/wp\/v2\/posts"}],"about":[{"href":"https:\/\/radiocresatelital.com\/index.php?rest_route=\/wp\/v2\/types\/post"}],"author":[{"embeddable":true,"href":"https:\/\/radiocresatelital.com\/index.php?rest_route=\/wp\/v2\/users\/2"}],"replies":[{"embeddable":true,"href":"https:\/\/radiocresatelital.com\/index.php?rest_route=%2Fwp%2Fv2%2Fcomments&post=43948"}],"version-history":[{"count":1,"href":"https:\/\/radiocresatelital.com\/index.php?rest_route=\/wp\/v2\/posts\/43948\/revisions"}],"predecessor-version":[{"id":43950,"href":"https:\/\/radiocresatelital.com\/index.php?rest_route=\/wp\/v2\/posts\/43948\/revisions\/43950"}],"wp:featuredmedia":[{"embeddable":true,"href":"https:\/\/radiocresatelital.com\/index.php?rest_route=\/wp\/v2\/media\/43949"}],"wp:attachment":[{"href":"https:\/\/radiocresatelital.com\/index.php?rest_route=%2Fwp%2Fv2%2Fmedia&parent=43948"}],"wp:term":[{"taxonomy":"category","embeddable":true,"href":"https:\/\/radiocresatelital.com\/index.php?rest_route=%2Fwp%2Fv2%2Fcategories&post=43948"},{"taxonomy":"post_tag","embeddable":true,"href":"https:\/\/radiocresatelital.com\/index.php?rest_route=%2Fwp%2Fv2%2Ftags&post=43948"}],"curies":[{"name":"wp","href":"https:\/\/api.w.org\/{rel}","templated":true}]}}