{"id":43932,"date":"2025-12-12T21:13:42","date_gmt":"2025-12-12T21:13:42","guid":{"rendered":"https:\/\/radiocresatelital.com\/?p=43932"},"modified":"2025-12-12T21:13:42","modified_gmt":"2025-12-12T21:13:42","slug":"gobernador-del-guayas-lidero-operativo-del-plan-retorno-seguro-en-el-aeropuerto-de-guayaqui","status":"publish","type":"post","link":"https:\/\/radiocresatelital.com\/?p=43932","title":{"rendered":"Gobernador del Guayas lider\u00f3 operativo del Plan Retorno Seguro en el Aeropuerto de Guayaqui"},"content":{"rendered":"<p>Guayaquil. \u2013 Con el objetivo de garantizar traslados seguros y prevenir hechos delictivos durante la temporada de alta movilidad, el Gobernador del Guayas, Jos\u00e9 Ignacio Ar\u00e9valo Santana, lider\u00f3 un operativo de control en la terminal a\u00e9rea Jos\u00e9 Joaqu\u00edn de Olmedo, en el marco del Plan Retorno Seguro.<\/p>\n<p>Durante el recorrido, dialog\u00f3 con viajeros y familias que arribaban a la ciudad, escuch\u00f3 sus inquietudes y explic\u00f3 de manera directa el funcionamiento del servicio de acompa\u00f1amiento policial, reforzando un mensaje de cercan\u00eda,<br \/>\nconfianza y presencia efectiva del Estado en los momentos de mayor movilidad ciudadana.<\/p>\n<p>Esta acci\u00f3n forma parte de una estrategia preventiva del Gobierno del Nuevo Ecuador, mediante la cual la Polic\u00eda Nacional mantiene presencia permanente en aeropuertos y terminales, brindando acompa\u00f1amiento gratuito a<br \/>\nciudadanos que retornan a la provincia para trasladarse de forma segura hasta sus hogares.<\/p>\n<p>El servicio se activa a trav\u00e9s del ECU 911 y cuenta con el respaldo de patrulleros y unidades motorizadas, lo que ha permitido reducir los \u00edndices delictivos en puntos de llegada y rutas de alto riesgo, fortaleciendo la seguridad ciudadana en fechas clave como Navidad y fin de a\u00f1o.<\/p>\n<p>Al referirse al alcance del programa, la autoridad provincial se\u00f1al\u00f3 que: \u201cCon el Plan Retorno Seguro garantizamos que quienes llegan a la provincia puedan volver a sus hogares con tranquilidad, gracias al acompa\u00f1amiento<br \/>\npolicial que protege a las familias y cuida los trayectos en esta temporada de reencuentros\u201d.<\/p>\n<p>El Plan Retorno Seguro se consolida como una medida concreta de prevenci\u00f3n, que articula control, presencia territorial y respuesta inmediata, permitiendo que miles de familias se reencuentren en un entorno de confianza y protecci\u00f3n.<\/p>\n<p>Desde el Gobierno del Nuevo Ecuador, y por disposici\u00f3n del presidente Daniel Noboa, el bloque de seguridad act\u00faa con estrategia, determinaci\u00f3n e inteligencia, reafirmando un Estado presente que no negocia la paz, el orden ni<br \/>\nla seguridad de las familias guayasenses.<\/p>\n","protected":false},"excerpt":{"rendered":"<p>Guayaquil. \u2013 Con el objetivo de garantizar traslados seguros y prevenir hechos delictivos durante la temporada de alta movilidad, el Gobernador del Guayas, Jos\u00e9 Ignacio Ar\u00e9valo Santana, lider\u00f3 un operativo de control en la terminal a\u00e9rea Jos\u00e9 Joaqu\u00edn de Olmedo, en el marco del Plan Retorno Seguro. Durante el recorrido, dialog\u00f3 con viajeros y familias [&hellip;]<\/p>\n","protected":false},"author":2,"featured_media":43933,"comment_status":"open","ping_status":"closed","sticky":false,"template":"","format":"standard","meta":{"_jetpack_memberships_contains_paid_content":false,"footnotes":""},"categories":[13],"tags":[1370,6747],"class_list":["post-43932","post","type-post","status-publish","format-standard","has-post-thumbnail","hentry","category-noticias-nacionales","tag-gobernador-del-guayas","tag-jose-ignacio-arevalo-santana"],"jetpack_featured_media_url":"https:\/\/radiocresatelital.com\/wp-content\/uploads\/2025\/12\/WhatsApp-Image-2025-12-12-at-09.25.58.jpeg","jetpack_sharing_enabled":true,"_links":{"self":[{"href":"https:\/\/radiocresatelital.com\/index.php?rest_route=\/wp\/v2\/posts\/43932","targetHints":{"allow":["GET"]}}],"collection":[{"href":"https:\/\/radiocresatelital.com\/index.php?rest_route=\/wp\/v2\/posts"}],"about":[{"href":"https:\/\/radiocresatelital.com\/index.php?rest_route=\/wp\/v2\/types\/post"}],"author":[{"embeddable":true,"href":"https:\/\/radiocresatelital.com\/index.php?rest_route=\/wp\/v2\/users\/2"}],"replies":[{"embeddable":true,"href":"https:\/\/radiocresatelital.com\/index.php?rest_route=%2Fwp%2Fv2%2Fcomments&post=43932"}],"version-history":[{"count":1,"href":"https:\/\/radiocresatelital.com\/index.php?rest_route=\/wp\/v2\/posts\/43932\/revisions"}],"predecessor-version":[{"id":43934,"href":"https:\/\/radiocresatelital.com\/index.php?rest_route=\/wp\/v2\/posts\/43932\/revisions\/43934"}],"wp:featuredmedia":[{"embeddable":true,"href":"https:\/\/radiocresatelital.com\/index.php?rest_route=\/wp\/v2\/media\/43933"}],"wp:attachment":[{"href":"https:\/\/radiocresatelital.com\/index.php?rest_route=%2Fwp%2Fv2%2Fmedia&parent=43932"}],"wp:term":[{"taxonomy":"category","embeddable":true,"href":"https:\/\/radiocresatelital.com\/index.php?rest_route=%2Fwp%2Fv2%2Fcategories&post=43932"},{"taxonomy":"post_tag","embeddable":true,"href":"https:\/\/radiocresatelital.com\/index.php?rest_route=%2Fwp%2Fv2%2Ftags&post=43932"}],"curies":[{"name":"wp","href":"https:\/\/api.w.org\/{rel}","templated":true}]}}