{"id":43895,"date":"2025-12-12T19:36:44","date_gmt":"2025-12-12T19:36:44","guid":{"rendered":"https:\/\/radiocresatelital.com\/?p=43895"},"modified":"2025-12-12T19:36:44","modified_gmt":"2025-12-12T19:36:44","slug":"movistar-best-pc-empieza-la-vuelta-a-costa-rica-con-liderato","status":"publish","type":"post","link":"https:\/\/radiocresatelital.com\/?p=43895","title":{"rendered":"Movistar Best PC empieza la Vuelta a Costa Rica con liderato"},"content":{"rendered":"<p>San Jos\u00e9.- El Movistar Best PC<strong>, <\/strong>\u00fanico equipo continental ecuatoriano, empez\u00f3 la edici\u00f3n 59 de la Vuelta a Costa Rica con el liderato de los premios de monta\u00f1a en manos de Jimmy Santiago Montenegro.<\/p>\n<p>El ciclista Telef\u00f3nico cruz\u00f3 la l\u00ednea de meta en el puesto 38, pero ya hab\u00eda hecho el trabajo para hacerse de la camiseta de puntos rojos a lo largo de los 107 kil\u00f3metros que tuvo de recorrido la primera etapa de la ronda centroamericana.<\/p>\n<p>Montenegro lidera la clasificaci\u00f3n de la monta\u00f1a con 12, producto de sumar puntos en dos de los tres premios de monta\u00f1a que se disputaron este 12 de diciembre.<\/p>\n<p>La otra buena noticia para el <strong>Movistar Best PC <\/strong>fue que el segundo lugar de la clasificaci\u00f3n en la categor\u00eda sub 23 por parte de Luis Monteros, quien fue el mejor ecuatoriano ubicado de la jornada, al terminar en la cuarta casilla y es quinto en la general, liderada por Jexon Ledezma (selecci\u00f3n de Costa Rica).<\/p>\n<p>Por detr\u00e1s de Monteros, los otros integrantes del \u00fanico equipo continental ecuatoriano se ubican en la clasificaci\u00f3n general de la siguiente manera: Richard Huera en la novena plaza, Byron Guam\u00e1 ocupa el puesto 21, seguido por Nixon Rosero en el 22 y Montenegro en la casilla 38<\/p>\n<p>Cabe recordar que el elenco Telef\u00f3nico suma dos t\u00edtulos de la clasificaci\u00f3n general en la Vuelta a Costa Rica. El primero en 2022 y al a\u00f1o siguiente (2023) revalid\u00f3 la corona. Adem\u00e1s de ganar la categor\u00eda sub-23.<\/p>\n<p>La segunda etapa de la edici\u00f3n 59 de la Vuelta a Costa Rica se disputar\u00e1 este s\u00e1bado, con salida en Alajuela, para llegar, luego de 161.6 kil\u00f3metros y un premio de monta\u00f1a, a Gu\u00e1piles.<\/p>\n","protected":false},"excerpt":{"rendered":"<p>San Jos\u00e9.- El Movistar Best PC, \u00fanico equipo continental ecuatoriano, empez\u00f3 la edici\u00f3n 59 de la Vuelta a Costa Rica con el liderato de los premios de monta\u00f1a en manos de Jimmy Santiago Montenegro. El ciclista Telef\u00f3nico cruz\u00f3 la l\u00ednea de meta en el puesto 38, pero ya hab\u00eda hecho el trabajo para hacerse de [&hellip;]<\/p>\n","protected":false},"author":2,"featured_media":43896,"comment_status":"open","ping_status":"closed","sticky":false,"template":"","format":"standard","meta":{"_jetpack_memberships_contains_paid_content":false,"footnotes":""},"categories":[120,9],"tags":[1029],"class_list":["post-43895","post","type-post","status-publish","format-standard","has-post-thumbnail","hentry","category-ciclismo","category-deportes","tag-movistar-best-pc"],"jetpack_featured_media_url":"https:\/\/radiocresatelital.com\/wp-content\/uploads\/2025\/12\/WhatsApp-Image-2025-12-12-at-14.27.11.jpeg","jetpack_sharing_enabled":true,"_links":{"self":[{"href":"https:\/\/radiocresatelital.com\/index.php?rest_route=\/wp\/v2\/posts\/43895","targetHints":{"allow":["GET"]}}],"collection":[{"href":"https:\/\/radiocresatelital.com\/index.php?rest_route=\/wp\/v2\/posts"}],"about":[{"href":"https:\/\/radiocresatelital.com\/index.php?rest_route=\/wp\/v2\/types\/post"}],"author":[{"embeddable":true,"href":"https:\/\/radiocresatelital.com\/index.php?rest_route=\/wp\/v2\/users\/2"}],"replies":[{"embeddable":true,"href":"https:\/\/radiocresatelital.com\/index.php?rest_route=%2Fwp%2Fv2%2Fcomments&post=43895"}],"version-history":[{"count":1,"href":"https:\/\/radiocresatelital.com\/index.php?rest_route=\/wp\/v2\/posts\/43895\/revisions"}],"predecessor-version":[{"id":43897,"href":"https:\/\/radiocresatelital.com\/index.php?rest_route=\/wp\/v2\/posts\/43895\/revisions\/43897"}],"wp:featuredmedia":[{"embeddable":true,"href":"https:\/\/radiocresatelital.com\/index.php?rest_route=\/wp\/v2\/media\/43896"}],"wp:attachment":[{"href":"https:\/\/radiocresatelital.com\/index.php?rest_route=%2Fwp%2Fv2%2Fmedia&parent=43895"}],"wp:term":[{"taxonomy":"category","embeddable":true,"href":"https:\/\/radiocresatelital.com\/index.php?rest_route=%2Fwp%2Fv2%2Fcategories&post=43895"},{"taxonomy":"post_tag","embeddable":true,"href":"https:\/\/radiocresatelital.com\/index.php?rest_route=%2Fwp%2Fv2%2Ftags&post=43895"}],"curies":[{"name":"wp","href":"https:\/\/api.w.org\/{rel}","templated":true}]}}