{"id":43844,"date":"2025-12-11T20:37:41","date_gmt":"2025-12-11T20:37:41","guid":{"rendered":"https:\/\/radiocresatelital.com\/?p=43844"},"modified":"2025-12-11T23:39:47","modified_gmt":"2025-12-11T23:39:47","slug":"la-fabril-refuerza-su-talento-interno-mediante-formacion-acreditada","status":"publish","type":"post","link":"https:\/\/radiocresatelital.com\/?p=43844","title":{"rendered":"La Fabril refuerza su talento interno mediante formaci\u00f3n acreditada"},"content":{"rendered":"<p>Manta.- La Fabril realiz\u00f3 la graduaci\u00f3n de 29 colaboradores que concluyeron la Tecnolog\u00eda en Procesamiento de Alimentos, como parte del programa de Acreditaci\u00f3n Profesional en Educaci\u00f3n Superior, desarrollado en coordinaci\u00f3n con el Instituto Tecnol\u00f3gico Internacional.<\/p>\n<p>En total, 46 colaboradores de la Direcci\u00f3n de Cadena de Suministros iniciaron esta formaci\u00f3n, pertenecientes a los procesos de Calidad, A&amp;G\/HCP y Log\u00edstica. El programa, con una duraci\u00f3n de 6 meses, fue dise\u00f1ado para brindar una titulaci\u00f3n t\u00e9cnica que respalde sus conocimientos y contribuya al fortalecimiento de los procesos internos vinculados a auditor\u00edas y sistemas de gesti\u00f3n.<\/p>\n<p>La empresa brind\u00f3 apoyo para el financiamiento del programa a los colaboradores que decidieron asumir este proceso formativo, facilitando su acceso a una titulaci\u00f3n t\u00e9cnica que contribuya a su crecimiento profesional. Este acompa\u00f1amiento busca generar oportunidades de desarrollo dentro de la organizaci\u00f3n y promover el aprendizaje continuo.<\/p>\n<p>La siguiente fase del programa est\u00e1 prevista para enero de 2026, cuando 17 colaboradores culminen la Tecnolog\u00eda en Gesti\u00f3n de Calidad, ampliando el alcance de esta iniciativa formativa.<\/p>\n<p>Con este proceso, La Fabril reafirma la importancia de fortalecer las competencias t\u00e9cnicas de su equipo y acompa\u00f1ar su desarrollo en l\u00ednea con las necesidades y desaf\u00edos de la industria.<\/p>\n","protected":false},"excerpt":{"rendered":"<p>Manta.- La Fabril realiz\u00f3 la graduaci\u00f3n de 29 colaboradores que concluyeron la Tecnolog\u00eda en Procesamiento de Alimentos, como parte del programa de Acreditaci\u00f3n Profesional en Educaci\u00f3n Superior, desarrollado en coordinaci\u00f3n con el Instituto Tecnol\u00f3gico Internacional. En total, 46 colaboradores de la Direcci\u00f3n de Cadena de Suministros iniciaron esta formaci\u00f3n, pertenecientes a los procesos de Calidad, [&hellip;]<\/p>\n","protected":false},"author":2,"featured_media":43847,"comment_status":"open","ping_status":"closed","sticky":false,"template":"","format":"standard","meta":{"_jetpack_memberships_contains_paid_content":false,"footnotes":""},"categories":[13],"tags":[2181,7037],"class_list":["post-43844","post","type-post","status-publish","format-standard","has-post-thumbnail","hentry","category-noticias-nacionales","tag-la-fabril","tag-programa-de-acreditacion-profesional-en-educacion-superior"],"jetpack_featured_media_url":"https:\/\/radiocresatelital.com\/wp-content\/uploads\/2025\/12\/fab.webp","jetpack_sharing_enabled":true,"_links":{"self":[{"href":"https:\/\/radiocresatelital.com\/index.php?rest_route=\/wp\/v2\/posts\/43844","targetHints":{"allow":["GET"]}}],"collection":[{"href":"https:\/\/radiocresatelital.com\/index.php?rest_route=\/wp\/v2\/posts"}],"about":[{"href":"https:\/\/radiocresatelital.com\/index.php?rest_route=\/wp\/v2\/types\/post"}],"author":[{"embeddable":true,"href":"https:\/\/radiocresatelital.com\/index.php?rest_route=\/wp\/v2\/users\/2"}],"replies":[{"embeddable":true,"href":"https:\/\/radiocresatelital.com\/index.php?rest_route=%2Fwp%2Fv2%2Fcomments&post=43844"}],"version-history":[{"count":1,"href":"https:\/\/radiocresatelital.com\/index.php?rest_route=\/wp\/v2\/posts\/43844\/revisions"}],"predecessor-version":[{"id":43846,"href":"https:\/\/radiocresatelital.com\/index.php?rest_route=\/wp\/v2\/posts\/43844\/revisions\/43846"}],"wp:featuredmedia":[{"embeddable":true,"href":"https:\/\/radiocresatelital.com\/index.php?rest_route=\/wp\/v2\/media\/43847"}],"wp:attachment":[{"href":"https:\/\/radiocresatelital.com\/index.php?rest_route=%2Fwp%2Fv2%2Fmedia&parent=43844"}],"wp:term":[{"taxonomy":"category","embeddable":true,"href":"https:\/\/radiocresatelital.com\/index.php?rest_route=%2Fwp%2Fv2%2Fcategories&post=43844"},{"taxonomy":"post_tag","embeddable":true,"href":"https:\/\/radiocresatelital.com\/index.php?rest_route=%2Fwp%2Fv2%2Ftags&post=43844"}],"curies":[{"name":"wp","href":"https:\/\/api.w.org\/{rel}","templated":true}]}}