{"id":43831,"date":"2025-12-11T23:08:00","date_gmt":"2025-12-11T23:08:00","guid":{"rendered":"https:\/\/radiocresatelital.com\/?p=43831"},"modified":"2025-12-11T23:08:09","modified_gmt":"2025-12-11T23:08:09","slug":"vicepresidencia-presento-la-politica-nacional-de-salud-mental-en-ecuador","status":"publish","type":"post","link":"https:\/\/radiocresatelital.com\/?p=43831","title":{"rendered":"Vicepresidencia present\u00f3 la Pol\u00edtica Nacional de Salud Mental en Ecuador"},"content":{"rendered":"<p>Quito.- La Vicepresidencia de la Rep\u00fablica present\u00f3 la Pol\u00edtica Nacional de Salud Mental 2025\u20132030, un instrumento que marca como prioridad al bienestar emocional, la prevenci\u00f3n y la atenci\u00f3n integral de la salud mental en los territorios. El evento, presidido por la vicepresidenta Mar\u00eda Jos\u00e9 Pinto, se realiz\u00f3 en la Casa de la M\u00fasica en Quito, en una velada que combin\u00f3 reflexi\u00f3n y un concierto especial de Navidad ofrecido por la Orquesta Sinf\u00f3nica Nacional.<\/p>\n<div class=\"pull-right col-md-5 \">\u201cHoy presentamos una pol\u00edtica que trae una promesa clara y directa: en Ecuador, nadie se queda solo. Vamos a llegar a cada rinc\u00f3n del pa\u00eds, con respeto, con pertinencia cultural, con compromiso y con humanidad. Porque no basta con tener documentos o diagn\u00f3sticos. Lo que transforma la vida de la gente es estar ah\u00ed. Escuchar. Tender la mano. Acompa\u00f1ar. Hacer sentir que s\u00ed importa, que s\u00ed hay alguien, que s\u00ed existe un pa\u00eds dispuesto a caminar con ellos\u201d<\/div>\n<p>La Vicepresidenta asegur\u00f3 que esta pol\u00edtica \u201cno es un documento m\u00e1s\u201d,\u00a0sino un compromiso nacional para que ninguna ecuatoriana ni ecuatoriano se sienta solo. Subray\u00f3 que la salud mental dej\u00f3 de ser un tema postergado, para convertirse en una prioridad Estatal. \u00a0\u201cHoy presentamos una pol\u00edtica que trae una promesa clara y directa: en Ecuador, nadie se queda solo. Vamos a llegar a cada rinc\u00f3n del pa\u00eds, con respeto, con pertinencia cultural, con compromiso y con humanidad. Porque no basta con tener documentos o diagn\u00f3sticos. Lo que transforma la vida de la gente es estar ah\u00ed. Escuchar. Tender la mano. Acompa\u00f1ar. Hacer sentir que s\u00ed importa, que s\u00ed hay alguien, que s\u00ed existe un pa\u00eds dispuesto a caminar con ellos\u201d, expres\u00f3. Destac\u00f3 que esta pol\u00edtica nace del territorio y de escuchar a las personas. \u201cEsta pol\u00edtica no impone, acompa\u00f1a. No generaliza, se adapta\u201d.<\/p>\n<p>Durante su intervenci\u00f3n, agradeci\u00f3 al gabinete ministerial por apoyar la iniciativa pero tambi\u00e9n por el compa\u00f1erismo en especial al apoyo y confianza del presidente, Daniel Noboa. \u201cGracias por tu apoyo, por tu compromiso real con la gente, por tu liderazgo y, sobre todo, por tu buen humor incluso cuando las cosas no pintan tan bien. Gracias por recordarnos que incluso en los momentos dif\u00edciles se puede avanzar con esperanza. Es un honor trabajar de la mano contigo para cambiar este pa\u00eds que tanto queremos y que nos ha dado el privilegio de servir\u201d,\u00a0a\u00f1adi\u00f3.<\/p>\n<p>La presentaci\u00f3n oficial de la Pol\u00edtica Nacional de Salud Mental cont\u00f3 con el apoyo del Programa de las Naciones Unidas para el Desarrollo (PNUD). Inka Mattila, representante residente de la Organizaci\u00f3n, destac\u00f3 que el trabajar en el bienestar emocional es trabajar en el desarrollo de una naci\u00f3n.\u00a0\u201cHoy la salud mental ya no se puede seguir ignorada. Esta crisis nos toca a todos y todas, comunidades, familias, Gobiernos. Nos afecta al bienestar, a la productividad. Hay que aprovechar las oportunidades que tenemos al frente. No basta reconocer el problema y el desaf\u00edo debemos actuar con decisi\u00f3n y urgencia. Invertir en salud mental no es un gasto es invertir en dignidad, en bienestar, en resiliencia\u201d, a\u00f1adi\u00f3.<\/p>\n<p>La Organizaci\u00f3n Panamericana de la Salud (OPS \/OMS), tambi\u00e9n acompa\u00f1\u00f3 cada fase de la construcci\u00f3n de esta Pol\u00edtica Nacional. Valeska Stempliuk, Oficial a cargo de la Organizaci\u00f3n, recalc\u00f3 que el asumir la Salud Mental como prioridad debe tener un marco normativo robusto, que permita tener servicios basados en la comunidad, centrados en las personas, que apunten a la recuperaci\u00f3n y que est\u00e9n enmarcados en los derechos humanos. Adem\u00e1s, enfatiz\u00f3 en la participaci\u00f3n activa de la comunidad en este cambio de paradigma: \u201cPorque la salud mental no se garantiza solo en los hospitales, sino tambi\u00e9n en las escuelas, en los barrios en los espacios laborales, en los hogares, donde cada persona espera ser escuchada y acompa\u00f1ada\u201d, a\u00f1adi\u00f3.<\/p>\n<p>La noche continu\u00f3 con la presentaci\u00f3n de un testimonio de vida, concluy\u00f3 con un concierto de Navidad a cargo de la Orquesta Sinf\u00f3nica Nacional y un espacio de encuentro preparado para dialogar sobre la construcci\u00f3n de una cultura de bienestar.<\/p>\n<p>Con esta pol\u00edtica, el Ecuador avanza hacia un sistema de salud mental m\u00e1s cercano, comunitario y humano, reafirmando el compromiso del Gobierno del presidente Daniel Noboa con la protecci\u00f3n integral de las personas y con la construcci\u00f3n de un pa\u00eds donde nadie se quede atr\u00e1s.<\/p>\n","protected":false},"excerpt":{"rendered":"<p>Quito.- La Vicepresidencia de la Rep\u00fablica present\u00f3 la Pol\u00edtica Nacional de Salud Mental 2025\u20132030, un instrumento que marca como prioridad al bienestar emocional, la prevenci\u00f3n y la atenci\u00f3n integral de la salud mental en los territorios. El evento, presidido por la vicepresidenta Mar\u00eda Jos\u00e9 Pinto, se realiz\u00f3 en la Casa de la M\u00fasica en Quito, [&hellip;]<\/p>\n","protected":false},"author":2,"featured_media":43832,"comment_status":"open","ping_status":"closed","sticky":false,"template":"","format":"standard","meta":{"_jetpack_memberships_contains_paid_content":false,"footnotes":""},"categories":[13],"tags":[7034,6],"class_list":["post-43831","post","type-post","status-publish","format-standard","has-post-thumbnail","hentry","category-noticias-nacionales","tag-politica-nacional-de-salud-mental-2025-2030","tag-vicepresidencia-de-la-republica"],"jetpack_featured_media_url":"https:\/\/radiocresatelital.com\/wp-content\/uploads\/2025\/12\/po5.jpg","jetpack_sharing_enabled":true,"_links":{"self":[{"href":"https:\/\/radiocresatelital.com\/index.php?rest_route=\/wp\/v2\/posts\/43831","targetHints":{"allow":["GET"]}}],"collection":[{"href":"https:\/\/radiocresatelital.com\/index.php?rest_route=\/wp\/v2\/posts"}],"about":[{"href":"https:\/\/radiocresatelital.com\/index.php?rest_route=\/wp\/v2\/types\/post"}],"author":[{"embeddable":true,"href":"https:\/\/radiocresatelital.com\/index.php?rest_route=\/wp\/v2\/users\/2"}],"replies":[{"embeddable":true,"href":"https:\/\/radiocresatelital.com\/index.php?rest_route=%2Fwp%2Fv2%2Fcomments&post=43831"}],"version-history":[{"count":1,"href":"https:\/\/radiocresatelital.com\/index.php?rest_route=\/wp\/v2\/posts\/43831\/revisions"}],"predecessor-version":[{"id":43833,"href":"https:\/\/radiocresatelital.com\/index.php?rest_route=\/wp\/v2\/posts\/43831\/revisions\/43833"}],"wp:featuredmedia":[{"embeddable":true,"href":"https:\/\/radiocresatelital.com\/index.php?rest_route=\/wp\/v2\/media\/43832"}],"wp:attachment":[{"href":"https:\/\/radiocresatelital.com\/index.php?rest_route=%2Fwp%2Fv2%2Fmedia&parent=43831"}],"wp:term":[{"taxonomy":"category","embeddable":true,"href":"https:\/\/radiocresatelital.com\/index.php?rest_route=%2Fwp%2Fv2%2Fcategories&post=43831"},{"taxonomy":"post_tag","embeddable":true,"href":"https:\/\/radiocresatelital.com\/index.php?rest_route=%2Fwp%2Fv2%2Ftags&post=43831"}],"curies":[{"name":"wp","href":"https:\/\/api.w.org\/{rel}","templated":true}]}}