{"id":43826,"date":"2025-12-11T23:03:49","date_gmt":"2025-12-11T23:03:49","guid":{"rendered":"https:\/\/radiocresatelital.com\/?p=43826"},"modified":"2025-12-11T23:05:49","modified_gmt":"2025-12-11T23:05:49","slug":"capacitacion-en-fotografia-abre-nuevas-oportunidades-a-comerciantes","status":"publish","type":"post","link":"https:\/\/radiocresatelital.com\/?p=43826","title":{"rendered":"Capacitaci\u00f3n en fotograf\u00eda abre nuevas oportunidades a comerciantes"},"content":{"rendered":"<p>Guayaquil.- Cerca de 50 comerciantes del Mercado Artesanal Machala participaron este jueves en una capacitaci\u00f3n enfocada en el uso de la fotograf\u00eda como herramienta para potenciar la presentaci\u00f3n de sus productos, acci\u00f3n impulsada por el Municipio de Guayaquil a trav\u00e9s de la Direcci\u00f3n de Aseo Cantonal, Mercados y Servicios Especiales (DACMSE).<\/p>\n<p>La formaci\u00f3n forma parte de un ciclo de cinco jornadas te\u00f3rico-pr\u00e1cticas sobre Marketing Digital, desarrolladas con el apoyo de la empresa municipal EPICO. Las sesiones comenzaron la semana pasada y concluir\u00e1n el martes 16 de diciembre.<\/p>\n<p>Durante la actividad, los participantes llevaron prendas, artesan\u00edas, adornos y bisuter\u00eda para ejercitar lo aprendido sobre \u00e1ngulos, iluminaci\u00f3n y selecci\u00f3n de locaciones. El objetivo fue identificar mejoras que permitan obtener fotograf\u00edas m\u00e1s atractivas para sus plataformas digitales, que hoy funcionan como vitrinas para compradores nacionales e internacionales.<\/p>\n<p>Yadira Quim\u00eds, una de las comerciantes asistentes, destac\u00f3 los beneficios de estas capacitaciones. \u201cEstamos muy contentos, porque realmente s\u00ed nos ayuda a publicar nuestros productos, s\u00ed necesit\u00e1bamos este tipo de ayuda de parte del Alcalde para que nuestros productos no solo se queden aqu\u00ed, sino que vaya fuera del pa\u00eds\u201d. A\u00f1adi\u00f3 que esto resulta clave ahora que \u201ctodo se maneja por plataformas como Tik Tok o Instagram\u201d.<\/p>\n<p>En sesiones anteriores, los comerciantes recibieron formaci\u00f3n sobre el uso adecuado de redes sociales y estrategias de atenci\u00f3n al cliente en modalidad presencial y digital. La clausura ser\u00e1 el 16 de diciembre, cuando se entregar\u00e1n certificados y se dar\u00e1 seguimiento a la implementaci\u00f3n de los conocimientos adquiridos.<\/p>\n","protected":false},"excerpt":{"rendered":"<p>Guayaquil.- Cerca de 50 comerciantes del Mercado Artesanal Machala participaron este jueves en una capacitaci\u00f3n enfocada en el uso de la fotograf\u00eda como herramienta para potenciar la presentaci\u00f3n de sus productos, acci\u00f3n impulsada por el Municipio de Guayaquil a trav\u00e9s de la Direcci\u00f3n de Aseo Cantonal, Mercados y Servicios Especiales (DACMSE). La formaci\u00f3n forma parte [&hellip;]<\/p>\n","protected":false},"author":2,"featured_media":43830,"comment_status":"open","ping_status":"closed","sticky":false,"template":"","format":"standard","meta":{"_jetpack_memberships_contains_paid_content":false,"footnotes":""},"categories":[33,13],"tags":[7033],"class_list":["post-43826","post","type-post","status-publish","format-standard","has-post-thumbnail","hentry","category-guayaquil","category-noticias-nacionales","tag-mercado-artesanal-machala"],"jetpack_featured_media_url":"https:\/\/radiocresatelital.com\/wp-content\/uploads\/2025\/12\/6.png","jetpack_sharing_enabled":true,"_links":{"self":[{"href":"https:\/\/radiocresatelital.com\/index.php?rest_route=\/wp\/v2\/posts\/43826","targetHints":{"allow":["GET"]}}],"collection":[{"href":"https:\/\/radiocresatelital.com\/index.php?rest_route=\/wp\/v2\/posts"}],"about":[{"href":"https:\/\/radiocresatelital.com\/index.php?rest_route=\/wp\/v2\/types\/post"}],"author":[{"embeddable":true,"href":"https:\/\/radiocresatelital.com\/index.php?rest_route=\/wp\/v2\/users\/2"}],"replies":[{"embeddable":true,"href":"https:\/\/radiocresatelital.com\/index.php?rest_route=%2Fwp%2Fv2%2Fcomments&post=43826"}],"version-history":[{"count":1,"href":"https:\/\/radiocresatelital.com\/index.php?rest_route=\/wp\/v2\/posts\/43826\/revisions"}],"predecessor-version":[{"id":43828,"href":"https:\/\/radiocresatelital.com\/index.php?rest_route=\/wp\/v2\/posts\/43826\/revisions\/43828"}],"wp:featuredmedia":[{"embeddable":true,"href":"https:\/\/radiocresatelital.com\/index.php?rest_route=\/wp\/v2\/media\/43830"}],"wp:attachment":[{"href":"https:\/\/radiocresatelital.com\/index.php?rest_route=%2Fwp%2Fv2%2Fmedia&parent=43826"}],"wp:term":[{"taxonomy":"category","embeddable":true,"href":"https:\/\/radiocresatelital.com\/index.php?rest_route=%2Fwp%2Fv2%2Fcategories&post=43826"},{"taxonomy":"post_tag","embeddable":true,"href":"https:\/\/radiocresatelital.com\/index.php?rest_route=%2Fwp%2Fv2%2Ftags&post=43826"}],"curies":[{"name":"wp","href":"https:\/\/api.w.org\/{rel}","templated":true}]}}