{"id":43823,"date":"2025-12-11T21:54:52","date_gmt":"2025-12-11T21:54:52","guid":{"rendered":"https:\/\/radiocresatelital.com\/?p=43823"},"modified":"2025-12-11T21:54:52","modified_gmt":"2025-12-11T21:54:52","slug":"unidad-medica-de-puna-suma-una-camioneta-4x4-que-agiliza-brigadas-y-asistencia-territorial","status":"publish","type":"post","link":"https:\/\/radiocresatelital.com\/?p=43823","title":{"rendered":"Unidad M\u00e9dica de Pun\u00e1 suma una camioneta 4&#215;4 que agiliza brigadas y asistencia territorial"},"content":{"rendered":"<p>Guayaquil.- Las buenas noticias siguen llegando a territorios que durante a\u00f1os esperaron atenci\u00f3n oportuna. Esta vez, la parroquia rural Pun\u00e1 recibi\u00f3 un impulso para ampliar la cobertura de servicios municipales y de salud mediante una camioneta Chevrolet 4&#215;4 asignada a la Unidad M\u00e9dica Municipal, destinada a llegar a los recintos m\u00e1s alejados y asegurar asistencia directa para quienes m\u00e1s lo requieren.<\/p>\n<p>La nueva unidad permitir\u00e1 que brigadas m\u00e9dicas, personal t\u00e9cnico y equipos municipales se trasladen con mayor facilidad hacia comunidades como Zapote, Puerto Zapote, Aguas Piedras, La P\u00f3lvora, Tavor, Concordia, Campo Alegre, Bellavista, Estero de Boca, Cauchiche, Subida Alta, R\u00edo Hondo y Pun\u00e1 Vieja. Estos sectores, hist\u00f3ricamente<br \/>\nrelegados por su dif\u00edcil acceso, ahora contar\u00e1n con atenci\u00f3n m\u00e1s frecuente, segura y continua.<\/p>\n<p>\u201cHoy se cierra un cap\u00edtulo m\u00e1s hacia las necesidades que tiene nuestra querida Pun\u00e1 y es por eso que estamos aqu\u00ed junto a nuestra directora del Centro T\u00e9cnico Municipal, de donde viene esta camioneta, la cual va a quedar al servicio de la comunidad\u201d, se\u00f1al\u00f3 el concejal Manuel Romero, quien tambi\u00e9n particip\u00f3 en actividades navide\u00f1as con las<br \/>\nfamilias del sector.<\/p>\n<p>La Unidad M\u00e9dica Municipal de Pun\u00e1 se ha consolidado como un pilar para la salud comunitaria. Cada mes atiende entre 1.800 y 2.000 consultas integrales y, de manera diaria, recibe entre 60 y 80 pacientes, sumando alrededor de 1.400 atenciones m\u00e9dicas y odontol\u00f3gicas. Su trabajo abarca tambi\u00e9n bienestar animal y programas de apoyo social a trav\u00e9s del \u00c1rea Territorial Inclusiva (ATI), fortaleciendo un modelo integral que beneficia a toda la parroquia.<\/p>\n<p>Para los habitantes, estas acciones representan un cambio profundo. \u201cMire cu\u00e1ntos a\u00f1os llevamos; otras personas no se han preocupado y ahora vemos que s\u00ed se est\u00e1n preocupando por nuestra comunidad\u201d, expres\u00f3 Maribel P\u00e9rez, moradora del sector. Su voz refleja el impacto real de esta gesti\u00f3n en un territorio que por d\u00e9cadas esper\u00f3 intervenciones de este tipo.]<\/p>\n<p>Con esta entrega y con la operaci\u00f3n fortalecida de la Unidad M\u00e9dica Municipal, la administraci\u00f3n del alcalde Aquiles \u00c1lvarez reafirma su compromiso con Pun\u00e1, acercar servicios esenciales, mejorar la movilidad institucional y garantizar que las comunidades rurales reciban la misma calidad de atenci\u00f3n que el resto del cant\u00f3n. Pun\u00e1 avanza con una gesti\u00f3n que pone en el centro a las personas y su derecho a vivir con bienestar y dignidad.<\/p>\n","protected":false},"excerpt":{"rendered":"<p>Guayaquil.- Las buenas noticias siguen llegando a territorios que durante a\u00f1os esperaron atenci\u00f3n oportuna. Esta vez, la parroquia rural Pun\u00e1 recibi\u00f3 un impulso para ampliar la cobertura de servicios municipales y de salud mediante una camioneta Chevrolet 4&#215;4 asignada a la Unidad M\u00e9dica Municipal, destinada a llegar a los recintos m\u00e1s alejados y asegurar asistencia [&hellip;]<\/p>\n","protected":false},"author":2,"featured_media":43824,"comment_status":"open","ping_status":"closed","sticky":false,"template":"","format":"standard","meta":{"_jetpack_memberships_contains_paid_content":false,"footnotes":""},"categories":[33,13],"tags":[5241],"class_list":["post-43823","post","type-post","status-publish","format-standard","has-post-thumbnail","hentry","category-guayaquil","category-noticias-nacionales","tag-unidad-medica-municipal"],"jetpack_featured_media_url":"https:\/\/radiocresatelital.com\/wp-content\/uploads\/2025\/12\/IMG-20251208-WA0320.jpg","jetpack_sharing_enabled":true,"_links":{"self":[{"href":"https:\/\/radiocresatelital.com\/index.php?rest_route=\/wp\/v2\/posts\/43823","targetHints":{"allow":["GET"]}}],"collection":[{"href":"https:\/\/radiocresatelital.com\/index.php?rest_route=\/wp\/v2\/posts"}],"about":[{"href":"https:\/\/radiocresatelital.com\/index.php?rest_route=\/wp\/v2\/types\/post"}],"author":[{"embeddable":true,"href":"https:\/\/radiocresatelital.com\/index.php?rest_route=\/wp\/v2\/users\/2"}],"replies":[{"embeddable":true,"href":"https:\/\/radiocresatelital.com\/index.php?rest_route=%2Fwp%2Fv2%2Fcomments&post=43823"}],"version-history":[{"count":1,"href":"https:\/\/radiocresatelital.com\/index.php?rest_route=\/wp\/v2\/posts\/43823\/revisions"}],"predecessor-version":[{"id":43825,"href":"https:\/\/radiocresatelital.com\/index.php?rest_route=\/wp\/v2\/posts\/43823\/revisions\/43825"}],"wp:featuredmedia":[{"embeddable":true,"href":"https:\/\/radiocresatelital.com\/index.php?rest_route=\/wp\/v2\/media\/43824"}],"wp:attachment":[{"href":"https:\/\/radiocresatelital.com\/index.php?rest_route=%2Fwp%2Fv2%2Fmedia&parent=43823"}],"wp:term":[{"taxonomy":"category","embeddable":true,"href":"https:\/\/radiocresatelital.com\/index.php?rest_route=%2Fwp%2Fv2%2Fcategories&post=43823"},{"taxonomy":"post_tag","embeddable":true,"href":"https:\/\/radiocresatelital.com\/index.php?rest_route=%2Fwp%2Fv2%2Ftags&post=43823"}],"curies":[{"name":"wp","href":"https:\/\/api.w.org\/{rel}","templated":true}]}}