{"id":43804,"date":"2025-12-11T21:29:40","date_gmt":"2025-12-11T21:29:40","guid":{"rendered":"https:\/\/radiocresatelital.com\/?p=43804"},"modified":"2025-12-11T21:29:40","modified_gmt":"2025-12-11T21:29:40","slug":"accion-oportuna-y-coordinada-en-la-atencion-de-emergencia-obstetrica-suscitada-en-comunidad-de-san-marcos-comunidad-rural-de-la-provincia-del-carchi","status":"publish","type":"post","link":"https:\/\/radiocresatelital.com\/?p=43804","title":{"rendered":"Acci\u00f3n oportuna y coordinada en la atenci\u00f3n de emergencia obst\u00e9trica suscitada en comunidad de San Marcos, comunidad rural de la provincia del Carchi"},"content":{"rendered":"<p>Tulc\u00e1n.-\u00a0El liderazgo en el Ministerio de Salud P\u00fablica (MSP) es firme. La Vicepresidenta de la Rep\u00fablica, Mar\u00eda Jos\u00e9 Pinto reafirma su compromiso inquebrantable con la salud y bienestar de cada ciudadano.<\/p>\n<p>En la madrugada del jueves 11 de diciembre, desde la comunidad de San Marcos, provincia de Carchi, se activ\u00f3 una poderosa cadena de esfuerzo y dedicaci\u00f3n. A las 02:30, una paciente con \u00f3bito fetal inici\u00f3 su trayecto de traslado desde el Puesto de Salud de la comunidad, acompa\u00f1ada por profesionales que, m\u00e1s all\u00e1 de sus funciones, son fuente de soporte y solidaridad en momentos de dificultades extremas.<\/p>\n<p><strong>\u201cEl camino no fue f\u00e1cil. Las distancias son largas y los caminos son largos al norte, pero nadie debe enfrentar una emergencia en soledad\u201d,<\/strong>\u00a0Dra. Kelly Fienco, m\u00e9dica obstetra.<\/p>\n<p>A las 07:30, la paciente lleg\u00f3 al Centro de Salud Chical, donde recibi\u00f3 un an\u00e1lisis cl\u00ednico inmediato. Desde all\u00ed, se la traslad\u00f3 hacia el Hospital Luis Gabriel D\u00e1vila, en Tulc\u00e1n, donde un equipo multidisciplinario la esperaba, listo para ofrecer atenci\u00f3n especializada.<\/p>\n<p>\u201c<strong>Esta respuesta ejemplar fue posible gracias a una colaboraci\u00f3n sin precedentes entre la Coordinaci\u00f3n Zonal 1 de Salud, la atenci\u00f3n pre hospitalaria zonal y los centros de salud de Tulc\u00e1n. Cada unidad aport\u00f3 su esfuerzo, experticia y humanidad para asegurar un traslado seguro y un acompa\u00f1amiento con respeto<\/strong><em>\u201d. \u00a0<\/em>Fernando Gallardo, Gerente del Hospital Luis D\u00e1vila de Tulc\u00e1n<\/p>\n<p>El equipo en territorio del Ministerio de Salud P\u00fablica (MSP) enfrenta desaf\u00edos diariamente, que ahora con la visi\u00f3n de trabajo de Mar\u00eda Jos\u00e9 Pinto, se afrontan en equipo, y son historias de vida.<\/p>\n","protected":false},"excerpt":{"rendered":"<p>Tulc\u00e1n.-\u00a0El liderazgo en el Ministerio de Salud P\u00fablica (MSP) es firme. La Vicepresidenta de la Rep\u00fablica, Mar\u00eda Jos\u00e9 Pinto reafirma su compromiso inquebrantable con la salud y bienestar de cada ciudadano. En la madrugada del jueves 11 de diciembre, desde la comunidad de San Marcos, provincia de Carchi, se activ\u00f3 una poderosa cadena de esfuerzo [&hellip;]<\/p>\n","protected":false},"author":2,"featured_media":43805,"comment_status":"open","ping_status":"closed","sticky":false,"template":"","format":"standard","meta":{"_jetpack_memberships_contains_paid_content":false,"footnotes":""},"categories":[13],"tags":[148],"class_list":["post-43804","post","type-post","status-publish","format-standard","has-post-thumbnail","hentry","category-noticias-nacionales","tag-ministerio-de-salud-publica"],"jetpack_featured_media_url":"https:\/\/radiocresatelital.com\/wp-content\/uploads\/2025\/12\/WhatsApp-Image-2025-12-11-at-3.24.12-PM.jpeg","jetpack_sharing_enabled":true,"_links":{"self":[{"href":"https:\/\/radiocresatelital.com\/index.php?rest_route=\/wp\/v2\/posts\/43804","targetHints":{"allow":["GET"]}}],"collection":[{"href":"https:\/\/radiocresatelital.com\/index.php?rest_route=\/wp\/v2\/posts"}],"about":[{"href":"https:\/\/radiocresatelital.com\/index.php?rest_route=\/wp\/v2\/types\/post"}],"author":[{"embeddable":true,"href":"https:\/\/radiocresatelital.com\/index.php?rest_route=\/wp\/v2\/users\/2"}],"replies":[{"embeddable":true,"href":"https:\/\/radiocresatelital.com\/index.php?rest_route=%2Fwp%2Fv2%2Fcomments&post=43804"}],"version-history":[{"count":1,"href":"https:\/\/radiocresatelital.com\/index.php?rest_route=\/wp\/v2\/posts\/43804\/revisions"}],"predecessor-version":[{"id":43806,"href":"https:\/\/radiocresatelital.com\/index.php?rest_route=\/wp\/v2\/posts\/43804\/revisions\/43806"}],"wp:featuredmedia":[{"embeddable":true,"href":"https:\/\/radiocresatelital.com\/index.php?rest_route=\/wp\/v2\/media\/43805"}],"wp:attachment":[{"href":"https:\/\/radiocresatelital.com\/index.php?rest_route=%2Fwp%2Fv2%2Fmedia&parent=43804"}],"wp:term":[{"taxonomy":"category","embeddable":true,"href":"https:\/\/radiocresatelital.com\/index.php?rest_route=%2Fwp%2Fv2%2Fcategories&post=43804"},{"taxonomy":"post_tag","embeddable":true,"href":"https:\/\/radiocresatelital.com\/index.php?rest_route=%2Fwp%2Fv2%2Ftags&post=43804"}],"curies":[{"name":"wp","href":"https:\/\/api.w.org\/{rel}","templated":true}]}}