{"id":43798,"date":"2025-12-11T20:23:43","date_gmt":"2025-12-11T20:23:43","guid":{"rendered":"https:\/\/radiocresatelital.com\/?p=43798"},"modified":"2025-12-11T20:23:54","modified_gmt":"2025-12-11T20:23:54","slug":"gobierno-nacional-instalo-el-primer-comite-intersectorial-para-enfrentar-la-desnutricion-infantil","status":"publish","type":"post","link":"https:\/\/radiocresatelital.com\/?p=43798","title":{"rendered":"Gobierno Nacional instal\u00f3 el primer Comit\u00e9 Intersectorial para enfrentar la desnutrici\u00f3n infantil"},"content":{"rendered":"<p>Guayaquil.- La Vicepresidenta de la Rep\u00fablica, Mar\u00eda Jos\u00e9 Pinto, lider\u00f3 la Primera Sesi\u00f3n Ordinaria del Comit\u00e9 Intersectorial para la Prevenci\u00f3n y Reducci\u00f3n de la Desnutrici\u00f3n Infantil, realizada en la Gobernaci\u00f3n del Guayas. Este espacio constituye el mecanismo formal de gobernanza para articular las pol\u00edticas p\u00fablicas en materia de desnutrici\u00f3n infantil, conforme a la Ley Org\u00e1nica para Prevenir y Erradicar la Malnutrici\u00f3n y su Reglamento General estipulado en el decreto ejecutivo No. 211.<\/p>\n<p>En la sesi\u00f3n participaron la ministra de Desarrollo Humano, Zaida Rovira, instituciones del sistema de registro e informaci\u00f3n del Estado, ministerios sectoriales y representantes de los GAD, consolidando el car\u00e1cter multisectorial requerido para abordar una de las prioridades sociales del pa\u00eds.<\/p>\n<div class=\"pull-right col-md-5 \">\u201cTe das cuenta que estamos perdiendo a todos esos ni\u00f1os que tienen desnutrici\u00f3n cr\u00f3nica infantil y es nuestra responsabilidad salvarlos. Por qu\u00e9 los ni\u00f1os que tienen desnutrici\u00f3n cr\u00f3nica infantil no se desarrollan completamente, ni f\u00edsicamente ni intelectualmente\u201d<\/div>\n<p>Durante la jornada se aprob\u00f3 el Reglamento Interno de Funcionamiento del Comit\u00e9, se design\u00f3 a la ministra de Educaci\u00f3n, Deporte y Cultura, Gilda Alc\u00edvar, como vicepresidenta del \u00f3rgano, y se formaliz\u00f3 la creaci\u00f3n del Subcomit\u00e9 T\u00e9cnico Permanente Intersectorial, encargado de elaborar su reglamento interno y hoja de ruta en un plazo de 30 d\u00edas.<\/p>\n<p>Asimismo, se presentaron los principales indicadores del Plan Estrat\u00e9gico Intersectorial para la Prevenci\u00f3n y Reducci\u00f3n de la Desnutrici\u00f3n Cr\u00f3nica Infantil 2025-2030, la ejecuci\u00f3n presupuestaria de la Estrategia Ecuador Crece Sin Desnutrici\u00f3n Infantil mediante Presupuesto por Resultados, y el plan de trabajo 2025\u20132026, que incluye la hoja de ruta para el Plan Nacional de Primera Infancia.<\/p>\n<p>La vicepresidenta Pinto destac\u00f3 que este Comit\u00e9 representa un paso decisivo para ordenar, alinear y fortalecer la respuesta estatal. \u201cTe das cuenta que estamos perdiendo a todos esos ni\u00f1os que tienen desnutrici\u00f3n cr\u00f3nica infantil y es nuestra responsabilidad salvarlos. Por qu\u00e9 los ni\u00f1os que tienen desnutrici\u00f3n cr\u00f3nica infantil no se desarrollan completamente, ni f\u00edsicamente ni intelectualmente\u201d,\u00a0agreg\u00f3.<\/p>\n<p>El Gobierno del presidente Daniel Noboa reafirma su compromiso de impulsar acciones coordinadas y sostenibles para combatir la desnutrici\u00f3n infantil y asegurar mejores condiciones de vida para la primera infancia en el Ecuador.<\/p>\n","protected":false},"excerpt":{"rendered":"<p>Guayaquil.- La Vicepresidenta de la Rep\u00fablica, Mar\u00eda Jos\u00e9 Pinto, lider\u00f3 la Primera Sesi\u00f3n Ordinaria del Comit\u00e9 Intersectorial para la Prevenci\u00f3n y Reducci\u00f3n de la Desnutrici\u00f3n Infantil, realizada en la Gobernaci\u00f3n del Guayas. Este espacio constituye el mecanismo formal de gobernanza para articular las pol\u00edticas p\u00fablicas en materia de desnutrici\u00f3n infantil, conforme a la Ley Org\u00e1nica [&hellip;]<\/p>\n","protected":false},"author":2,"featured_media":43799,"comment_status":"open","ping_status":"closed","sticky":false,"template":"","format":"standard","meta":{"_jetpack_memberships_contains_paid_content":false,"footnotes":""},"categories":[13],"tags":[7027,4767,7026,1336],"class_list":["post-43798","post","type-post","status-publish","format-standard","has-post-thumbnail","hentry","category-noticias-nacionales","tag-ley-organica-para-prevenir-y-erradicar-la-malnutricion-y-su-reglamento-general","tag-maria-jose-pinto","tag-primera-sesion-ordinaria-del-comite-intersectorial-para-la-prevencion-y-reduccion-de-la-desnutricion-infantil","tag-vicepresidenta-de-la-republica"],"jetpack_featured_media_url":"https:\/\/radiocresatelital.com\/wp-content\/uploads\/2025\/12\/IMG_7232_1_2-1536x1152-1.jpg","jetpack_sharing_enabled":true,"_links":{"self":[{"href":"https:\/\/radiocresatelital.com\/index.php?rest_route=\/wp\/v2\/posts\/43798","targetHints":{"allow":["GET"]}}],"collection":[{"href":"https:\/\/radiocresatelital.com\/index.php?rest_route=\/wp\/v2\/posts"}],"about":[{"href":"https:\/\/radiocresatelital.com\/index.php?rest_route=\/wp\/v2\/types\/post"}],"author":[{"embeddable":true,"href":"https:\/\/radiocresatelital.com\/index.php?rest_route=\/wp\/v2\/users\/2"}],"replies":[{"embeddable":true,"href":"https:\/\/radiocresatelital.com\/index.php?rest_route=%2Fwp%2Fv2%2Fcomments&post=43798"}],"version-history":[{"count":1,"href":"https:\/\/radiocresatelital.com\/index.php?rest_route=\/wp\/v2\/posts\/43798\/revisions"}],"predecessor-version":[{"id":43800,"href":"https:\/\/radiocresatelital.com\/index.php?rest_route=\/wp\/v2\/posts\/43798\/revisions\/43800"}],"wp:featuredmedia":[{"embeddable":true,"href":"https:\/\/radiocresatelital.com\/index.php?rest_route=\/wp\/v2\/media\/43799"}],"wp:attachment":[{"href":"https:\/\/radiocresatelital.com\/index.php?rest_route=%2Fwp%2Fv2%2Fmedia&parent=43798"}],"wp:term":[{"taxonomy":"category","embeddable":true,"href":"https:\/\/radiocresatelital.com\/index.php?rest_route=%2Fwp%2Fv2%2Fcategories&post=43798"},{"taxonomy":"post_tag","embeddable":true,"href":"https:\/\/radiocresatelital.com\/index.php?rest_route=%2Fwp%2Fv2%2Ftags&post=43798"}],"curies":[{"name":"wp","href":"https:\/\/api.w.org\/{rel}","templated":true}]}}