{"id":43795,"date":"2025-12-11T20:20:04","date_gmt":"2025-12-11T20:20:04","guid":{"rendered":"https:\/\/radiocresatelital.com\/?p=43795"},"modified":"2025-12-11T20:20:13","modified_gmt":"2025-12-11T20:20:13","slug":"nuevas-decisiones-municipales-proyectan-una-ciudad-mas-verde-ordenada-y-sostenible","status":"publish","type":"post","link":"https:\/\/radiocresatelital.com\/?p=43795","title":{"rendered":"Nuevas decisiones municipales proyectan una ciudad m\u00e1s verde, ordenada y sostenible"},"content":{"rendered":"<p>Guayaquil.- El Concejo Municipal, liderado por el alcalde Aquiles Alvarez, aprob\u00f3 la delegaci\u00f3n a Parques EP para la gesti\u00f3n integral, el cobro y la recaudaci\u00f3n de regal\u00edas por el uso exclusivo y temporal de espacios en el Parque Samanes, as\u00ed como la firma de un convenio de cooperaci\u00f3n interinstitucional que le entrega formalmente la administraci\u00f3n del parque.<\/p>\n<p>Con ello, los ingresos ir\u00e1n directamente a las cuentas de Parques EP para ser reinvertidos en el propio parque. El Burgomaestre se\u00f1al\u00f3 que \u201clo m\u00e1s importante es que la mayor\u00eda de los cobros que se vienen pagando desde la \u00e9poca de Inmobiliar, antes se los pagaban a alguien, ahora va a estar totalmente depositado, transferido en las cuentas<br \/>\nde Parques EP\u201d.<\/p>\n<p>A su vez, el gerente de Parques EP, Jos\u00e9 Adri\u00e1n Zambrano, aclar\u00f3 que \u201clas canchas y cualquier acceso son gratuitos para la ciudadan\u00eda; en caso de exclusividad tiene un costo (\u2026)\u201d.<\/p>\n<p>La concejala Emily Vera explic\u00f3 que este convenio permitir\u00e1 ejecutar de inmediato labores urgentes de mantenimiento agron\u00f3mico, mejoras de infraestructura y un mejor control de las actividades recreativas y tur\u00edsticas que se desarrollan en el parque.<\/p>\n<p>El Parque Samanes recibe cerca de 40.000 visitantes al mes y cuesta alrededor de USD 250.000 mensuales en mantenimiento (seguridad, limpieza, servicios b\u00e1sicos y \u00e1reas verdes). Con la nueva normativa se espera recaudar entre USD 1,2 y 1,5 millones al a\u00f1o; adem\u00e1s, para 2026 est\u00e1 prevista una inversi\u00f3n adicional de USD 3 millones en luminarias y mejoras de infraestructura.<\/p>\n<p>En materia vial, se aprob\u00f3 el plano completo del redise\u00f1o del distribuidor de tr\u00e1fico de la Av. Juan Tanca Marengo, en el kil\u00f3metro 7\u00bd de la Av. Martha Bucaram de Rold\u00f3s, para brindar una soluci\u00f3n definitiva al congestionamiento en esta importante zona del norte.<\/p>\n<p>En segundo debate tambi\u00e9n se aprob\u00f3 la Ordenanza que regula las pol\u00edticas p\u00fablicas ambientales del cant\u00f3n Guayaquil. La concejala Soledad Diab se\u00f1al\u00f3 que esta norma establece el marco para incorporar criterios de sostenibilidad en todos los proyectos municipales, con acciones concretas en cambio clim\u00e1tico, educaci\u00f3n ambiental,<br \/>\nprotecci\u00f3n de ecosistemas, movilidad sostenible y gesti\u00f3n de residuos bajo el enfoque de econom\u00eda circular.<\/p>\n<p>Finalmente, el Concejo entreg\u00f3 un reconocimiento de congratulaci\u00f3n, honor y larga vida a Carlos Alberto Lindao Vera por cumplir 123 a\u00f1os. El documento destaca que se ha convertido \u201cen uno de los hombres m\u00e1s longevos de Ecuador y el mundo, llevando en\u00a0sus hombros m\u00e1s de un siglo de memoria colectiva, sabidur\u00eda ancestral y resiliencia<br \/>\nguayaquile\u00f1a\u201d. Vive en la parroquia rural El Morro y \u201c\u00e9l no es solo un guayaquile\u00f1o, es Guayaquil mismo\u201d.<\/p>\n<p>Don Carlos agradeci\u00f3 emocionado: \u201cel regalo que me han hecho y la presentaci\u00f3n que yo nunca me imaginaba por los a\u00f1os que tengo. Estoy muy agradecido\u201d. El Alcalde, por su parte, cerr\u00f3 diciendo que \u201cnos motiva, nos inyecta ganas de seguir adelante con buena vibra, l\u00fadico\u201d.<\/p>\n","protected":false},"excerpt":{"rendered":"<p>Guayaquil.- El Concejo Municipal, liderado por el alcalde Aquiles Alvarez, aprob\u00f3 la delegaci\u00f3n a Parques EP para la gesti\u00f3n integral, el cobro y la recaudaci\u00f3n de regal\u00edas por el uso exclusivo y temporal de espacios en el Parque Samanes, as\u00ed como la firma de un convenio de cooperaci\u00f3n interinstitucional que le entrega formalmente la administraci\u00f3n [&hellip;]<\/p>\n","protected":false},"author":2,"featured_media":43796,"comment_status":"open","ping_status":"closed","sticky":false,"template":"","format":"standard","meta":{"_jetpack_memberships_contains_paid_content":false,"footnotes":""},"categories":[33,13],"tags":[1519,2157],"class_list":["post-43795","post","type-post","status-publish","format-standard","has-post-thumbnail","hentry","category-guayaquil","category-noticias-nacionales","tag-alcalde-aquiles-alvarez","tag-concejo-municipal"],"jetpack_featured_media_url":"https:\/\/radiocresatelital.com\/wp-content\/uploads\/2025\/12\/IMG-20251211-WA0106-scaled.jpg","jetpack_sharing_enabled":true,"_links":{"self":[{"href":"https:\/\/radiocresatelital.com\/index.php?rest_route=\/wp\/v2\/posts\/43795","targetHints":{"allow":["GET"]}}],"collection":[{"href":"https:\/\/radiocresatelital.com\/index.php?rest_route=\/wp\/v2\/posts"}],"about":[{"href":"https:\/\/radiocresatelital.com\/index.php?rest_route=\/wp\/v2\/types\/post"}],"author":[{"embeddable":true,"href":"https:\/\/radiocresatelital.com\/index.php?rest_route=\/wp\/v2\/users\/2"}],"replies":[{"embeddable":true,"href":"https:\/\/radiocresatelital.com\/index.php?rest_route=%2Fwp%2Fv2%2Fcomments&post=43795"}],"version-history":[{"count":1,"href":"https:\/\/radiocresatelital.com\/index.php?rest_route=\/wp\/v2\/posts\/43795\/revisions"}],"predecessor-version":[{"id":43797,"href":"https:\/\/radiocresatelital.com\/index.php?rest_route=\/wp\/v2\/posts\/43795\/revisions\/43797"}],"wp:featuredmedia":[{"embeddable":true,"href":"https:\/\/radiocresatelital.com\/index.php?rest_route=\/wp\/v2\/media\/43796"}],"wp:attachment":[{"href":"https:\/\/radiocresatelital.com\/index.php?rest_route=%2Fwp%2Fv2%2Fmedia&parent=43795"}],"wp:term":[{"taxonomy":"category","embeddable":true,"href":"https:\/\/radiocresatelital.com\/index.php?rest_route=%2Fwp%2Fv2%2Fcategories&post=43795"},{"taxonomy":"post_tag","embeddable":true,"href":"https:\/\/radiocresatelital.com\/index.php?rest_route=%2Fwp%2Fv2%2Ftags&post=43795"}],"curies":[{"name":"wp","href":"https:\/\/api.w.org\/{rel}","templated":true}]}}