{"id":43789,"date":"2025-12-11T19:41:18","date_gmt":"2025-12-11T19:41:18","guid":{"rendered":"https:\/\/radiocresatelital.com\/?p=43789"},"modified":"2025-12-11T19:41:18","modified_gmt":"2025-12-11T19:41:18","slug":"el-movistar-best-pc-viajo-para-participar-en-la-vuelta-a-costa-rica","status":"publish","type":"post","link":"https:\/\/radiocresatelital.com\/?p=43789","title":{"rendered":"El Movistar Best PC viaj\u00f3 para participar en la Vuelta a Costa Rica"},"content":{"rendered":"<p>Quito.- El Movistar Best PC<strong>, <\/strong>\u00fanico equipo continental ecuatoriano, viaj\u00f3 este mi\u00e9rcoles a Costa Rica para disputar la edici\u00f3n 59 de la ronda centroamericana, que se cumplir\u00e1 del 12 al 21 de diciembre, con un total de 1.251 kil\u00f3metros.<\/p>\n<p>La n\u00f3mina de la escuadra ecuatoriana la integran los experimentados Byron Guam\u00e1, Santiago Montenegro y Richard Huera, quienes estar\u00e1n apoyados por la juventud de Erick Pozo, Luis Monteros, Nixon Rosero y H\u00e9ctor \u00c1lvarez.<\/p>\n<p>\u201cEstamos emocionados de concluir la temporada con esta carrera que siempre se nos ha dado muy bien y la idea ser\u00e1 volver a repetir y mejorar lo bueno que hemos hecho en esta prueba\u201d, revel\u00f3 Montenegro.<\/p>\n<p>El elenco Telef\u00f3nico suma dos t\u00edtulos de la clasificaci\u00f3n general en la Vuelta a Costa Rica. El primero en 2022 y al a\u00f1o siguiente (2023) revalid\u00f3 la corona. Adem\u00e1s de ganar la categor\u00eda sub-23.<\/p>\n<p>Ahora, el <strong>Movistar Best PC <\/strong>ha trabajado para volver a hacerse del maillot de l\u00edder. \u201cVamos con un equipo que se ha preparado de la mejor manera y esperamos que los resultados se nos den a lo largo del trayecto\u201d, se\u00f1al\u00f3 Guam\u00e1.<\/p>\n<p>El cuatro veces campe\u00f3n de la Vuelta al Ecuador calific\u00f3 al recorrido como \u201ccomplicado, porque ser\u00e1n 10 d\u00edas bastante monta\u00f1osos, con una cronoescalada de 16 kil\u00f3metros, pero estamos bien para afrontar ese trayecto\u201d, asegur\u00f3.<\/p>\n<p>El recorrido total ser\u00e1 de 1.251 kil\u00f3metros, habr\u00e1 10 etapas en l\u00ednea, una cronoescalada, 15 metas volantes y 12 premios de monta\u00f1a, con lo que el <strong>Movistar Best PC <\/strong>cerrar\u00e1 la temporada.<\/p>\n","protected":false},"excerpt":{"rendered":"<p>Quito.- El Movistar Best PC, \u00fanico equipo continental ecuatoriano, viaj\u00f3 este mi\u00e9rcoles a Costa Rica para disputar la edici\u00f3n 59 de la ronda centroamericana, que se cumplir\u00e1 del 12 al 21 de diciembre, con un total de 1.251 kil\u00f3metros. La n\u00f3mina de la escuadra ecuatoriana la integran los experimentados Byron Guam\u00e1, Santiago Montenegro y Richard [&hellip;]<\/p>\n","protected":false},"author":2,"featured_media":43790,"comment_status":"open","ping_status":"closed","sticky":false,"template":"","format":"standard","meta":{"_jetpack_memberships_contains_paid_content":false,"footnotes":""},"categories":[120,9],"tags":[1029],"class_list":["post-43789","post","type-post","status-publish","format-standard","has-post-thumbnail","hentry","category-ciclismo","category-deportes","tag-movistar-best-pc"],"jetpack_featured_media_url":"https:\/\/radiocresatelital.com\/wp-content\/uploads\/2025\/12\/WhatsApp-Image-2025-12-11-at-09.47.24.jpeg","jetpack_sharing_enabled":true,"_links":{"self":[{"href":"https:\/\/radiocresatelital.com\/index.php?rest_route=\/wp\/v2\/posts\/43789","targetHints":{"allow":["GET"]}}],"collection":[{"href":"https:\/\/radiocresatelital.com\/index.php?rest_route=\/wp\/v2\/posts"}],"about":[{"href":"https:\/\/radiocresatelital.com\/index.php?rest_route=\/wp\/v2\/types\/post"}],"author":[{"embeddable":true,"href":"https:\/\/radiocresatelital.com\/index.php?rest_route=\/wp\/v2\/users\/2"}],"replies":[{"embeddable":true,"href":"https:\/\/radiocresatelital.com\/index.php?rest_route=%2Fwp%2Fv2%2Fcomments&post=43789"}],"version-history":[{"count":1,"href":"https:\/\/radiocresatelital.com\/index.php?rest_route=\/wp\/v2\/posts\/43789\/revisions"}],"predecessor-version":[{"id":43791,"href":"https:\/\/radiocresatelital.com\/index.php?rest_route=\/wp\/v2\/posts\/43789\/revisions\/43791"}],"wp:featuredmedia":[{"embeddable":true,"href":"https:\/\/radiocresatelital.com\/index.php?rest_route=\/wp\/v2\/media\/43790"}],"wp:attachment":[{"href":"https:\/\/radiocresatelital.com\/index.php?rest_route=%2Fwp%2Fv2%2Fmedia&parent=43789"}],"wp:term":[{"taxonomy":"category","embeddable":true,"href":"https:\/\/radiocresatelital.com\/index.php?rest_route=%2Fwp%2Fv2%2Fcategories&post=43789"},{"taxonomy":"post_tag","embeddable":true,"href":"https:\/\/radiocresatelital.com\/index.php?rest_route=%2Fwp%2Fv2%2Ftags&post=43789"}],"curies":[{"name":"wp","href":"https:\/\/api.w.org\/{rel}","templated":true}]}}