{"id":43779,"date":"2025-12-11T19:05:58","date_gmt":"2025-12-11T19:05:58","guid":{"rendered":"https:\/\/radiocresatelital.com\/?p=43779"},"modified":"2025-12-11T19:06:07","modified_gmt":"2025-12-11T19:06:07","slug":"prefecta-marcela-aguinaga-oficializo-la-reapertura-del-vivero-provincial-del-guayas-un-espacio-publico-para-conocer-iniciativas-ambientales","status":"publish","type":"post","link":"https:\/\/radiocresatelital.com\/?p=43779","title":{"rendered":"Prefecta Marcela Agui\u00f1aga oficializ\u00f3 la reapertura del Vivero Provincial del Guayas, un espacio p\u00fablico para conocer iniciativas ambientales"},"content":{"rendered":"<p><span style=\"font-weight: 400;\">Guayaquil.- El Vivero Provincial del Guayas est\u00e1 ubicado en la avenida Pedro Men\u00e9ndez Gilbert (diagonal a Solca), en el norte de Guayaquil. La optimizaci\u00f3n del espacio busca fortalecer la integraci\u00f3n de la comunidad en acciones ambientales que lleva adelante el Gobierno Provincial del Guayas. La reapertura fue oficializada por la prefecta Marcela Agui\u00f1aga que, en su administraci\u00f3n impulsa la reforestaci\u00f3n con \u00e1rboles nativos, la siembra de plantas, el Ecotrueque y otras causas que apuntan al desarrollo sostenible.\u00a0<\/span><\/p>\n<p><span style=\"font-weight: 400;\">El sitio totalmente renovado y abierto al p\u00fablico de forma gratuita, cuenta con un mural que muestra la esencia de la provincia. Estudiantes de la Unidad Educativa Speedwriting, participaron en la actividad con un recorrido pedag\u00f3gico que afianza el mensaje institucional sobre la conservaci\u00f3n de la naturaleza y el proyecto \u201cReforesta Guayas\u201d.\u00a0<\/span><\/p>\n<p><span style=\"font-weight: 400;\">\u201cEs un vivero que ya ten\u00eda la Prefectura del Guayas, pero cambiamos la din\u00e1mica y lo ponemos en funcionamiento para la ciudadan\u00eda: invitamos a escuelas, colegios y p\u00fablico en general a que vean c\u00f3mo es el proceso de replantar y sean parte del EcoTrueque. As\u00ed compartimos este esfuerzo con la ciudadan\u00eda\u201d, se\u00f1al\u00f3 Agui\u00f1aga en su visita.<\/span><\/p>\n<p><span style=\"font-weight: 400;\">Ni\u00f1os, j\u00f3venes y familias pueden conocer especies nativas, comprender su importancia ecol\u00f3gica y observar de cerca procesos de germinaci\u00f3n y producci\u00f3n, que alimentan las campa\u00f1as de reforestaci\u00f3n impulsadas por la Prefectura. El sitio estar\u00e1 abierto, de lunes a viernes, de 08h00 a 14h00 locales (13h00 a 19h00 GMT) y los s\u00e1bados desde las 09:00 hasta las 15:00. Esta iniciativa se complementa con otros componentes clave, como la creaci\u00f3n de huertos semilleros en instituciones educativas y el Ecotrueque.\u00a0<\/span><\/p>\n<p><span style=\"font-weight: 400;\">\u201cEs demasiado lindo ver c\u00f3mo ustedes han hecho el esfuerzo para integrarnos a nosotros los estudiantes para promover el cuidado de las plantas y el EcoTrueque. Es una muy buena iniciativa, no lo hab\u00eda vivido antes, fue una idea demasiado creativa\u201d, apunt\u00f3 Oriana Ubidia, alumna de la Unidad Educativa Speedwriting.<\/span><\/p>\n<p><span style=\"font-weight: 400;\">El Vivero Provincial servir\u00e1 como punto estrat\u00e9gico para avanzar en la restauraci\u00f3n forestal de Guayas, en conjunto con programas para fortalecer la educaci\u00f3n ambiental y fomentar el cuidado de los recursos naturales del territorio.<\/span><\/p>\n","protected":false},"excerpt":{"rendered":"<p>Guayaquil.- El Vivero Provincial del Guayas est\u00e1 ubicado en la avenida Pedro Men\u00e9ndez Gilbert (diagonal a Solca), en el norte de Guayaquil. La optimizaci\u00f3n del espacio busca fortalecer la integraci\u00f3n de la comunidad en acciones ambientales que lleva adelante el Gobierno Provincial del Guayas. La reapertura fue oficializada por la prefecta Marcela Agui\u00f1aga que, en [&hellip;]<\/p>\n","protected":false},"author":2,"featured_media":43780,"comment_status":"open","ping_status":"closed","sticky":false,"template":"","format":"standard","meta":{"_jetpack_memberships_contains_paid_content":false,"footnotes":""},"categories":[33,13],"tags":[5968,7023],"class_list":["post-43779","post","type-post","status-publish","format-standard","has-post-thumbnail","hentry","category-guayaquil","category-noticias-nacionales","tag-gobierno-provincial-del-guayas","tag-vivero-provincial-del-guayas"],"jetpack_featured_media_url":"https:\/\/radiocresatelital.com\/wp-content\/uploads\/2025\/12\/WhatsApp-Image-2025-12-11-at-10.22.10-1-scaled.jpeg","jetpack_sharing_enabled":true,"_links":{"self":[{"href":"https:\/\/radiocresatelital.com\/index.php?rest_route=\/wp\/v2\/posts\/43779","targetHints":{"allow":["GET"]}}],"collection":[{"href":"https:\/\/radiocresatelital.com\/index.php?rest_route=\/wp\/v2\/posts"}],"about":[{"href":"https:\/\/radiocresatelital.com\/index.php?rest_route=\/wp\/v2\/types\/post"}],"author":[{"embeddable":true,"href":"https:\/\/radiocresatelital.com\/index.php?rest_route=\/wp\/v2\/users\/2"}],"replies":[{"embeddable":true,"href":"https:\/\/radiocresatelital.com\/index.php?rest_route=%2Fwp%2Fv2%2Fcomments&post=43779"}],"version-history":[{"count":1,"href":"https:\/\/radiocresatelital.com\/index.php?rest_route=\/wp\/v2\/posts\/43779\/revisions"}],"predecessor-version":[{"id":43781,"href":"https:\/\/radiocresatelital.com\/index.php?rest_route=\/wp\/v2\/posts\/43779\/revisions\/43781"}],"wp:featuredmedia":[{"embeddable":true,"href":"https:\/\/radiocresatelital.com\/index.php?rest_route=\/wp\/v2\/media\/43780"}],"wp:attachment":[{"href":"https:\/\/radiocresatelital.com\/index.php?rest_route=%2Fwp%2Fv2%2Fmedia&parent=43779"}],"wp:term":[{"taxonomy":"category","embeddable":true,"href":"https:\/\/radiocresatelital.com\/index.php?rest_route=%2Fwp%2Fv2%2Fcategories&post=43779"},{"taxonomy":"post_tag","embeddable":true,"href":"https:\/\/radiocresatelital.com\/index.php?rest_route=%2Fwp%2Fv2%2Ftags&post=43779"}],"curies":[{"name":"wp","href":"https:\/\/api.w.org\/{rel}","templated":true}]}}