{"id":43728,"date":"2025-12-11T00:09:02","date_gmt":"2025-12-11T00:09:02","guid":{"rendered":"https:\/\/radiocresatelital.com\/?p=43728"},"modified":"2025-12-11T00:09:12","modified_gmt":"2025-12-11T00:09:12","slug":"viceministro-roberto-ibanez-presento-observaciones-a-la-ley-de-deportes","status":"publish","type":"post","link":"https:\/\/radiocresatelital.com\/?p=43728","title":{"rendered":"Viceministro Roberto Ib\u00e1\u00f1ez present\u00f3 observaciones a la Ley de Deportes"},"content":{"rendered":"<p>Quito.- El Viceministro del Deporte, Roberto Ib\u00e1\u00f1ez Romero, expuso sus observaciones y criterios respecto al Proyecto de Ley Org\u00e1nica del Deporte, la Educaci\u00f3n F\u00edsica y la Recreaci\u00f3n. Se\u00f1al\u00f3 que esta normativa debe alinearse estrictamente con los principios establecidos en la Constituci\u00f3n, en la que el deporte es reconocido como un derecho y no \u00fanicamente como una actividad regulada. En este sentido, afirm\u00f3 que la ley debe garantizar una estructura s\u00f3lida que proteja los derechos constitucionales de los deportistas y de las instituciones deportivas.<\/p>\n<p>Ib\u00e1\u00f1ez subray\u00f3 que la nueva normativa debe garantizar la autonom\u00eda de los organismos deportivos, sin que ello implique renunciar a los controles y facultades que la Constituci\u00f3n y la ley asignan al Estado. Como ejemplo, mencion\u00f3 la autonom\u00eda t\u00e9cnica, enfatizando que el Estado no puede intervenir en la forma en que se practica un deporte determinado, ya que ello corresponde exclusivamente a las entidades deportivas competentes.<\/p>\n<p>Respecto a los aspectos administrativos y de gobernanza, el viceministro destac\u00f3 la necesidad de establecer normas claras y eficientes para la conformaci\u00f3n de directivas y asambleas, as\u00ed como garantizar mecanismos de control adecuados sobre el cumplimiento de dichas disposiciones.<\/p>\n<p>En el \u00e1mbito financiero, insisti\u00f3 en que debe quedar expl\u00edcito que el Estado posee competencia privativa y exclusiva para supervisar el adecuado manejo de los recursos p\u00fablicos destinados al deporte.<\/p>\n<p>El viceministro se\u00f1al\u00f3 que estos principios se relacionan directamente con otros temas clave. En materia de gobernanza, indic\u00f3 que se debe respetar la autonom\u00eda institucional, reconociendo al mismo tiempo que el Estado est\u00e1 facultado para fijar por ley los l\u00edmites de los per\u00edodos de las directivas, as\u00ed como regular los mecanismos y plazos para las convocatorias.<\/p>\n<p>Agreg\u00f3 que los per\u00edodos de las autoridades deportivas no deben prorrogarse bajo ninguna circunstancia, ni siquiera con motivo de la promulgaci\u00f3n de una nueva ley. En ese sentido, los dirigentes que est\u00e9n por completar dos per\u00edodos no podr\u00e1n continuar en sus cargos una vez aprobada la normativa, excepto despu\u00e9s de dejar transcurrir un per\u00edodo.<\/p>\n<p>Finalmente, Ib\u00e1\u00f1ez enfatiz\u00f3 la importancia de establecer estructuras s\u00f3lidas para el funcionamiento de los distintos niveles deportivos. Explic\u00f3 que, mientras la relaci\u00f3n entre niveles es de car\u00e1cter transversal \u2014pues un deportista formativo puede participar en actividades de alto rendimiento\u2014, la gobernanza es vertical. Por ello, un organismo deportivo no puede ser parte de la asamblea de un ente de alto rendimiento.<\/p>\n","protected":false},"excerpt":{"rendered":"<p>Quito.- El Viceministro del Deporte, Roberto Ib\u00e1\u00f1ez Romero, expuso sus observaciones y criterios respecto al Proyecto de Ley Org\u00e1nica del Deporte, la Educaci\u00f3n F\u00edsica y la Recreaci\u00f3n. Se\u00f1al\u00f3 que esta normativa debe alinearse estrictamente con los principios establecidos en la Constituci\u00f3n, en la que el deporte es reconocido como un derecho y no \u00fanicamente como [&hellip;]<\/p>\n","protected":false},"author":2,"featured_media":43730,"comment_status":"open","ping_status":"closed","sticky":false,"template":"","format":"standard","meta":{"_jetpack_memberships_contains_paid_content":false,"footnotes":""},"categories":[9],"tags":[7010,7009],"class_list":["post-43728","post","type-post","status-publish","format-standard","has-post-thumbnail","hentry","category-deportes","tag-roberto-ibanez-romero","tag-viceministro-del-deporte"],"jetpack_featured_media_url":"https:\/\/radiocresatelital.com\/wp-content\/uploads\/2025\/12\/viceministro.jpg","jetpack_sharing_enabled":true,"_links":{"self":[{"href":"https:\/\/radiocresatelital.com\/index.php?rest_route=\/wp\/v2\/posts\/43728","targetHints":{"allow":["GET"]}}],"collection":[{"href":"https:\/\/radiocresatelital.com\/index.php?rest_route=\/wp\/v2\/posts"}],"about":[{"href":"https:\/\/radiocresatelital.com\/index.php?rest_route=\/wp\/v2\/types\/post"}],"author":[{"embeddable":true,"href":"https:\/\/radiocresatelital.com\/index.php?rest_route=\/wp\/v2\/users\/2"}],"replies":[{"embeddable":true,"href":"https:\/\/radiocresatelital.com\/index.php?rest_route=%2Fwp%2Fv2%2Fcomments&post=43728"}],"version-history":[{"count":1,"href":"https:\/\/radiocresatelital.com\/index.php?rest_route=\/wp\/v2\/posts\/43728\/revisions"}],"predecessor-version":[{"id":43731,"href":"https:\/\/radiocresatelital.com\/index.php?rest_route=\/wp\/v2\/posts\/43728\/revisions\/43731"}],"wp:featuredmedia":[{"embeddable":true,"href":"https:\/\/radiocresatelital.com\/index.php?rest_route=\/wp\/v2\/media\/43730"}],"wp:attachment":[{"href":"https:\/\/radiocresatelital.com\/index.php?rest_route=%2Fwp%2Fv2%2Fmedia&parent=43728"}],"wp:term":[{"taxonomy":"category","embeddable":true,"href":"https:\/\/radiocresatelital.com\/index.php?rest_route=%2Fwp%2Fv2%2Fcategories&post=43728"},{"taxonomy":"post_tag","embeddable":true,"href":"https:\/\/radiocresatelital.com\/index.php?rest_route=%2Fwp%2Fv2%2Ftags&post=43728"}],"curies":[{"name":"wp","href":"https:\/\/api.w.org\/{rel}","templated":true}]}}