{"id":43713,"date":"2025-12-10T23:45:49","date_gmt":"2025-12-10T23:45:49","guid":{"rendered":"https:\/\/radiocresatelital.com\/?p=43713"},"modified":"2025-12-10T23:52:04","modified_gmt":"2025-12-10T23:52:04","slug":"gobernacion-del-guayas-refuerza-control-y-prevencion-de-pirotecnia-ilegal-en-la-bahia-de-guayaquil","status":"publish","type":"post","link":"https:\/\/radiocresatelital.com\/?p=43713","title":{"rendered":"Gobernaci\u00f3n del Guayas refuerza control y prevenci\u00f3n de pirotecnia ilegal en la Bah\u00eda de Guayaquil"},"content":{"rendered":"<p>Guayaquil.\u2013 La Gobernaci\u00f3n del Guayas ejecut\u00f3 un operativo preventivo y de control en la Bah\u00eda de Guayaquil, liderado por el gobernador Jos\u00e9 Ignacio Ar\u00e9valo Santana y desarrollado junto al intendente general de Polic\u00eda, Jorge Quintero Rodr\u00edguez, el jefe pol\u00edtico de Guayaquil, Fernando Orde\u00f1ana, la Polic\u00eda Nacional y el GIR, grupo que encabeza la campa\u00f1a nacional contra la pirotecnia ilegal.<\/p>\n<p>La intervenci\u00f3n se realiz\u00f3 en la calle Chile, entre Ayacucho y Eloy Alfaro, y sus alrededores, donde se inspeccionaron locales, bodegas y puntos de alta afluencia para detectar posibles zonas de almacenamiento clandestino. El GIR efectu barridos t\u00e9cnicos y verificaci\u00f3n de mercader\u00eda, mientras los equipos de control dialogaron con comerciantes y<br \/>\nsocializaron la normativa vigente.<\/p>\n<p>El gobernador recorri\u00f3 personalmente varios establecimientos, convers\u00f3 con vendedores y record\u00f3 que la prioridad es proteger a ni\u00f1os y adolescentes de los riesgos de los explosivos artesanales: \u201cEl Estado act\u00faa con firmeza para defender a las familias guayasenses. No permitiremos pirotecnia ilegal en la provincia\u201d, afirm\u00f3.<\/p>\n<p>La Gobernaci\u00f3n inform\u00f3 que m\u00e1s de 90.000 ciudadanos han sido capacitados en prevenci\u00f3n y uso responsable de materiales permitidos, como parte de la estrategia provincial de seguridad y educaci\u00f3n.<\/p>\n<p>Ar\u00e9valo Santana dispuso intensificar los controles en toda la provincia: \u201cQuien fabrique, almacene o venda explosivos ilegales enfrentar\u00e1 la ley\u201d, enfatiz\u00f3.<\/p>\n<p>Finalmente, la autoridad provincial hizo un llamado a la corresponsabilidad ciudadana: \u201cDenuncien cualquier punto clandestino. La seguridad es un esfuerzo compartido\u201d.<\/p>\n<p>Este operativo marca un refuerzo clave del Gobierno del Nuevo Ecuador para garantizar que las festividades en Guayas se desarrollen con paz, orden y sin riesgos para la poblaci\u00f3n<\/p>\n","protected":false},"excerpt":{"rendered":"<p>Guayaquil.\u2013 La Gobernaci\u00f3n del Guayas ejecut\u00f3 un operativo preventivo y de control en la Bah\u00eda de Guayaquil, liderado por el gobernador Jos\u00e9 Ignacio Ar\u00e9valo Santana y desarrollado junto al intendente general de Polic\u00eda, Jorge Quintero Rodr\u00edguez, el jefe pol\u00edtico de Guayaquil, Fernando Orde\u00f1ana, la Polic\u00eda Nacional y el GIR, grupo que encabeza la campa\u00f1a nacional [&hellip;]<\/p>\n","protected":false},"author":2,"featured_media":43721,"comment_status":"open","ping_status":"closed","sticky":false,"template":"","format":"standard","meta":{"_jetpack_memberships_contains_paid_content":false,"footnotes":""},"categories":[33,13],"tags":[1699,964],"class_list":["post-43713","post","type-post","status-publish","format-standard","has-post-thumbnail","hentry","category-guayaquil","category-noticias-nacionales","tag-bahia-de-guayaquil","tag-gobernacion-del-guayas"],"jetpack_featured_media_url":"https:\/\/radiocresatelital.com\/wp-content\/uploads\/2025\/12\/WhatsApp-Image-2025-12-10-at-18.50.38.jpeg","jetpack_sharing_enabled":true,"_links":{"self":[{"href":"https:\/\/radiocresatelital.com\/index.php?rest_route=\/wp\/v2\/posts\/43713","targetHints":{"allow":["GET"]}}],"collection":[{"href":"https:\/\/radiocresatelital.com\/index.php?rest_route=\/wp\/v2\/posts"}],"about":[{"href":"https:\/\/radiocresatelital.com\/index.php?rest_route=\/wp\/v2\/types\/post"}],"author":[{"embeddable":true,"href":"https:\/\/radiocresatelital.com\/index.php?rest_route=\/wp\/v2\/users\/2"}],"replies":[{"embeddable":true,"href":"https:\/\/radiocresatelital.com\/index.php?rest_route=%2Fwp%2Fv2%2Fcomments&post=43713"}],"version-history":[{"count":1,"href":"https:\/\/radiocresatelital.com\/index.php?rest_route=\/wp\/v2\/posts\/43713\/revisions"}],"predecessor-version":[{"id":43715,"href":"https:\/\/radiocresatelital.com\/index.php?rest_route=\/wp\/v2\/posts\/43713\/revisions\/43715"}],"wp:featuredmedia":[{"embeddable":true,"href":"https:\/\/radiocresatelital.com\/index.php?rest_route=\/wp\/v2\/media\/43721"}],"wp:attachment":[{"href":"https:\/\/radiocresatelital.com\/index.php?rest_route=%2Fwp%2Fv2%2Fmedia&parent=43713"}],"wp:term":[{"taxonomy":"category","embeddable":true,"href":"https:\/\/radiocresatelital.com\/index.php?rest_route=%2Fwp%2Fv2%2Fcategories&post=43713"},{"taxonomy":"post_tag","embeddable":true,"href":"https:\/\/radiocresatelital.com\/index.php?rest_route=%2Fwp%2Fv2%2Ftags&post=43713"}],"curies":[{"name":"wp","href":"https:\/\/api.w.org\/{rel}","templated":true}]}}