{"id":43709,"date":"2025-12-10T23:14:35","date_gmt":"2025-12-10T23:14:35","guid":{"rendered":"https:\/\/radiocresatelital.com\/?p=43709"},"modified":"2025-12-10T23:14:35","modified_gmt":"2025-12-10T23:14:35","slug":"congreso-internacional-reunio-a-expertos-y-reconoce-a-referentes-de-derechos-humanos-en-guayaquil","status":"publish","type":"post","link":"https:\/\/radiocresatelital.com\/?p=43709","title":{"rendered":"Congreso Internacional reuni\u00f3 a expertos y reconoce a referentes de derechos humanos en Guayaquil"},"content":{"rendered":"<p>Guayaquil.- El Centro Cultural Olmedo fue sede del Congreso Internacional de Alta Formaci\u00f3n en Derechos Humanos, un encuentro acad\u00e9mico que reuni\u00f3 a juristas, estudiantes, acad\u00e9micos nacionales e internacionales y activistas en un contexto marcado por retrocesos en materia de garant\u00edas constitucionales.<\/p>\n<p>La jornada incluy\u00f3 ponencias magistrales de especialistas como Pauline Ogier (Universidad de Marsella), Elsa Guerra (Universidad Andina Sim\u00f3n Bol\u00edvar), Jos\u00e9 Antonio Muchellini (juez provincial de Buenos Aires), Felipe Villavicencio Terreros (Universidad Aut\u00f3noma de Per\u00fa), Pacha Ter\u00e1n (Universidad Central del Ecuador) y Pedro Granja (Universidad de Buenos Aires). Sus intervenciones abordaron la crisis de derechos humanos, la violencia estatal y la urgencia de consolidar una ciudadan\u00eda cr\u00edtica y organizada.<\/p>\n<p>En este marco, el alcalde Aquiles Alvarez entreg\u00f3 condecoraciones a diez figuras destacadas por su trayectoria en la defensa de los derechos fundamentales: Nydia S\u00e1nchez, Pacha Ter\u00e1n, Carlos Asanza, Carlos Luis Parrales, Jaime Estrada, Elsa Guerra, Italo Vega, Luis Alarc\u00f3n, Martha Lastra y Pauline Ogier. Cada uno recibi\u00f3 un acuerdo que reconoce \u201csu valiosa contribuci\u00f3n y trascendental labor en defensa de los derechos humanos (\u2026) contribuyendo y comprometiendo su liderazgo a la consolidaci\u00f3n de una ciudadan\u00eda m\u00e1s cr\u00edtica, consciente y comprometida con la dignidad humana\u201d.<\/p>\n<p>Otras 19 personalidades de la academia, la sociedad civil y el activismo tambi\u00e9n fueron reconocidas por su labor constante frente al autoritarismo y la impunidad.<\/p>\n<p>El Burgomaestre inaugur\u00f3 el Congreso con un mensaje firme: \u201cHablar de derechos humanos en un contexto como el que vive hoy es m\u00e1s que necesario porque quienes tenemos tribunas (\u2026) sencillamente no podemos cometer el crimen de callar, porque callar tambi\u00e9n es un crimen enorme en estos contextos\u201d. A\u00f1adi\u00f3 que \u201cno se acaba la pobreza asesinando a los pobres\u201d y llam\u00f3 a reemplazar los discursos de violencia por una cultura de prevenci\u00f3n.<\/p>\n<p>Adem\u00e1s, destac\u00f3 la respuesta del p\u00fablico: \u201cMe siento profundamente conmovido con su presencia en este evento, los admiro sinceramente, ustedes con su presencia masiva me devuelven la fe en una sociedad distinta, una en la que los gobiernos edifiquen escuelas en lugar de c\u00e1rcel\u2026\u201d.<\/p>\n<p>Entre las homenajeadas, Pacha Ter\u00e1n se\u00f1al\u00f3 que acept\u00f3 el reconocimiento en nombre del pueblo quichua Otavalo, que resisti\u00f3 durante m\u00e1s de 30 d\u00edas \u201ca este Gobierno\u201d, e inst\u00f3 a mantener la organizaci\u00f3n social y a rechazar \u201cel racismo\u201d y \u201cla xenofobia\u201d.<\/p>\n<p>El evento, organizado junto a la Universidad Aut\u00f3noma de Per\u00fa, el Instituto Latinoamericano de Estudios Cr\u00edticos en Derecho y la Coordinaci\u00f3n de Barrios de la Ciudad, entreg\u00f3 de manera gratuita diplomas con valor acad\u00e9mico oficial a todos los asistentes, ampliando el acceso a formaci\u00f3n de alto nivel para cientos de j\u00f3venes.<\/p>\n<p>Esta iniciativa posiciona a Guayaquil como un espacio de pensamiento cr\u00edtico y reafirma su compromiso con la defensa de los derechos humanos en un momento decisivo para el pa\u00eds.<\/p>\n","protected":false},"excerpt":{"rendered":"<p>Guayaquil.- El Centro Cultural Olmedo fue sede del Congreso Internacional de Alta Formaci\u00f3n en Derechos Humanos, un encuentro acad\u00e9mico que reuni\u00f3 a juristas, estudiantes, acad\u00e9micos nacionales e internacionales y activistas en un contexto marcado por retrocesos en materia de garant\u00edas constitucionales. La jornada incluy\u00f3 ponencias magistrales de especialistas como Pauline Ogier (Universidad de Marsella), Elsa [&hellip;]<\/p>\n","protected":false},"author":2,"featured_media":43710,"comment_status":"open","ping_status":"closed","sticky":false,"template":"","format":"standard","meta":{"_jetpack_memberships_contains_paid_content":false,"footnotes":""},"categories":[33,13],"tags":[6851,7007],"class_list":["post-43709","post","type-post","status-publish","format-standard","has-post-thumbnail","hentry","category-guayaquil","category-noticias-nacionales","tag-centro-cultural-olmedo","tag-congreso-internacional-de-alta-formacion-en-derechos-humanos"],"jetpack_featured_media_url":"https:\/\/radiocresatelital.com\/wp-content\/uploads\/2025\/12\/1001759531-1536x1024-1.jpg","jetpack_sharing_enabled":true,"_links":{"self":[{"href":"https:\/\/radiocresatelital.com\/index.php?rest_route=\/wp\/v2\/posts\/43709","targetHints":{"allow":["GET"]}}],"collection":[{"href":"https:\/\/radiocresatelital.com\/index.php?rest_route=\/wp\/v2\/posts"}],"about":[{"href":"https:\/\/radiocresatelital.com\/index.php?rest_route=\/wp\/v2\/types\/post"}],"author":[{"embeddable":true,"href":"https:\/\/radiocresatelital.com\/index.php?rest_route=\/wp\/v2\/users\/2"}],"replies":[{"embeddable":true,"href":"https:\/\/radiocresatelital.com\/index.php?rest_route=%2Fwp%2Fv2%2Fcomments&post=43709"}],"version-history":[{"count":1,"href":"https:\/\/radiocresatelital.com\/index.php?rest_route=\/wp\/v2\/posts\/43709\/revisions"}],"predecessor-version":[{"id":43711,"href":"https:\/\/radiocresatelital.com\/index.php?rest_route=\/wp\/v2\/posts\/43709\/revisions\/43711"}],"wp:featuredmedia":[{"embeddable":true,"href":"https:\/\/radiocresatelital.com\/index.php?rest_route=\/wp\/v2\/media\/43710"}],"wp:attachment":[{"href":"https:\/\/radiocresatelital.com\/index.php?rest_route=%2Fwp%2Fv2%2Fmedia&parent=43709"}],"wp:term":[{"taxonomy":"category","embeddable":true,"href":"https:\/\/radiocresatelital.com\/index.php?rest_route=%2Fwp%2Fv2%2Fcategories&post=43709"},{"taxonomy":"post_tag","embeddable":true,"href":"https:\/\/radiocresatelital.com\/index.php?rest_route=%2Fwp%2Fv2%2Ftags&post=43709"}],"curies":[{"name":"wp","href":"https:\/\/api.w.org\/{rel}","templated":true}]}}