{"id":43653,"date":"2025-12-10T19:47:22","date_gmt":"2025-12-10T19:47:22","guid":{"rendered":"https:\/\/radiocresatelital.com\/?p=43653"},"modified":"2025-12-10T19:47:22","modified_gmt":"2025-12-10T19:47:22","slug":"copa-davis-2026-quito-tenis-y-golf-club-la-sede-de-ecuador-vs-australia","status":"publish","type":"post","link":"https:\/\/radiocresatelital.com\/?p=43653","title":{"rendered":"Copa Davis 2026: Quito Tenis y Golf Club, la sede de Ecuador vs Australia"},"content":{"rendered":"<p>Quito.- Por segunda ocasi\u00f3n y luego de 23 a\u00f1os, el Quito Tenis y Golf Club ser\u00e1 sede de una serie de Copa Davis, con el enfrentamiento entre Ecuador y Australia por la primera ronda de los Qualifiers, a jugarse el 7 y 8 de febrero de 2026.<\/p>\n<p>Nuevamente la decisi\u00f3n de elegir la Capital de la Rep\u00fablica como el \u201cfort\u00edn\u201d en Copa Davis parti\u00f3 del equipo nacional, tras el \u00e9xito y el apoyo del p\u00fablico quite\u00f1o que acompa\u00f1\u00f3 en septiembre pasado en el triunfo 3-2 ante Bosnia y Herzegovina por el Grupo Mundial 1.<\/p>\n<p>Esta noticia se dio a conocer en la rueda de prensa para hacer la presentaci\u00f3n oficial del Quito Tenis y Golf Club, como sede del evento ten\u00edstico m\u00e1s importante que se realizar\u00e1 en el pa\u00eds en 2026.<\/p>\n<p>En el acto estuvieron presentes el presidente de la Federaci\u00f3n Ecuatoriana de Tenis (FET), Patricio Galarza Maldonado; Rodrigo Godoy, miembro del Directorio de la Federaci\u00f3n Ecuatoriana de Tenis; el capit\u00e1n del equipo Copa Davis, Ra\u00fal Viver Cucal\u00f3n; Rebeca Villota, presidenta del Quito Tenis y Golf Club; Xavier Serrano, vicepresidente; y, Alfredo Gallegos, presidente Comisi\u00f3n de Tenis.<\/p>\n<p>Esta ser\u00e1 quinta ocasi\u00f3n que Ecuador haga de local en Quito en la historia de Copa Davis (2003 en dos ocasiones; 2009, en una oportunidad; y, en 2025 en una ocasi\u00f3n).<\/p>\n<p>Del 7 al 9 de febrero de 2003 por la primera ronda de la Zona Americana 1, gan\u00f3 3-2 a Chile, en el Club Buena Vista. Del 19 al 22 de septiembre de 2003, el Quito Tenis &amp; Golf Club recibi\u00f3 la serie de Ecuador ante Ruman\u00eda, por los playoffs del Grupo Mundial, resultado que fue favorable 3-2 para los visitantes.<\/p>\n<p>Del 8 al 10 de mayo de 2009, en el Club Buena Vista, por la segunda ronda de la Zona Americana 1, Ecuador venci\u00f3 4-1 a Per\u00fa.<\/p>\n<p><strong>\u00bfC\u00f3mo llega Australia?<\/strong><br \/>\nLos australianos llegan a esta instancia tras perder 2-3 ante B\u00e9lgica por la segunda ronda de los Qualifiers 2025. En esta serie Australia cont\u00f3 con la presencia de Alex de Mi\u00f1aur, # 7 del mundo; Jordan Thompson, # 108; Aleksandar Vukic, # 82; Rinky Hijikata, # 114; John Peers, # 50 en dobles.<\/p>\n<p>Este equipo cuenta como capit\u00e1n con el legendario Lleyton Hewitt, quien como jugador activo lider\u00f3 el ranking ATP durante 80 semanas entre 2001 y 2003, conquist\u00f3 dos t\u00edtulos de Grand Slam (US Open 2001 y Wimbledon 2002), sum\u00f3 un total de 30 trofeos ATP a lo largo de su carrera, y se alz\u00f3 con dos ATP Finals.<\/p>\n<p>El ganador de esta llave se enfrentar\u00e1 en la segunda ronda de Qualifiers (en septiembre de 2026) ante el ganador entre Noruega y Gran Breta\u00f1a.<\/p>\n<p><strong>En 2001 se enfrentaron Ecuador vs Australia<\/strong><br \/>\nLa \u00fanica ocasi\u00f3n que midieron fuerzas ambos pa\u00edses fue en febrero de 2001 con triunfo de Australia 4-1 por el Grupo Mundial. Los australianos Patrick Rafter y Lleyton Hewitt ganaron sus singles ante los hermanos Nicol\u00e1s y Giovanni Lapentti. Se descont\u00f3 con el triunfo de los hermanos Lapentti ante Wayne Arthurs y Todd Woodbridge.<\/p>\n<p>Los Qualifiers 2026 se jugar\u00e1n en dos rondas. Las eliminatorias de primera ronda se disputar\u00e1n los d\u00edas 6 y 7 \u00f3 7 y 8 de febrero de 2026; y, las de segunda ronda, los d\u00edas 17 y 18 \u00f3 19 y 20 de septiembre de 2026. Los ganadores de la segunda ronda acceder\u00e1n a las Finales de Copa Davis 2026 a jugarse del 24 al 29 de noviembre en Italia.<\/p>\n","protected":false},"excerpt":{"rendered":"<p>Quito.- Por segunda ocasi\u00f3n y luego de 23 a\u00f1os, el Quito Tenis y Golf Club ser\u00e1 sede de una serie de Copa Davis, con el enfrentamiento entre Ecuador y Australia por la primera ronda de los Qualifiers, a jugarse el 7 y 8 de febrero de 2026. Nuevamente la decisi\u00f3n de elegir la Capital de [&hellip;]<\/p>\n","protected":false},"author":2,"featured_media":43654,"comment_status":"open","ping_status":"closed","sticky":false,"template":"","format":"standard","meta":{"_jetpack_memberships_contains_paid_content":false,"footnotes":""},"categories":[736,9],"tags":[548,695,418],"class_list":["post-43653","post","type-post","status-publish","format-standard","has-post-thumbnail","hentry","category-copa-davis","category-deportes","tag-australia","tag-copa-davis","tag-ecuador"],"jetpack_featured_media_url":"https:\/\/radiocresatelital.com\/wp-content\/uploads\/2025\/12\/WhatsApp-Image-2025-12-10-at-14.42.05.jpeg","jetpack_sharing_enabled":true,"_links":{"self":[{"href":"https:\/\/radiocresatelital.com\/index.php?rest_route=\/wp\/v2\/posts\/43653","targetHints":{"allow":["GET"]}}],"collection":[{"href":"https:\/\/radiocresatelital.com\/index.php?rest_route=\/wp\/v2\/posts"}],"about":[{"href":"https:\/\/radiocresatelital.com\/index.php?rest_route=\/wp\/v2\/types\/post"}],"author":[{"embeddable":true,"href":"https:\/\/radiocresatelital.com\/index.php?rest_route=\/wp\/v2\/users\/2"}],"replies":[{"embeddable":true,"href":"https:\/\/radiocresatelital.com\/index.php?rest_route=%2Fwp%2Fv2%2Fcomments&post=43653"}],"version-history":[{"count":1,"href":"https:\/\/radiocresatelital.com\/index.php?rest_route=\/wp\/v2\/posts\/43653\/revisions"}],"predecessor-version":[{"id":43655,"href":"https:\/\/radiocresatelital.com\/index.php?rest_route=\/wp\/v2\/posts\/43653\/revisions\/43655"}],"wp:featuredmedia":[{"embeddable":true,"href":"https:\/\/radiocresatelital.com\/index.php?rest_route=\/wp\/v2\/media\/43654"}],"wp:attachment":[{"href":"https:\/\/radiocresatelital.com\/index.php?rest_route=%2Fwp%2Fv2%2Fmedia&parent=43653"}],"wp:term":[{"taxonomy":"category","embeddable":true,"href":"https:\/\/radiocresatelital.com\/index.php?rest_route=%2Fwp%2Fv2%2Fcategories&post=43653"},{"taxonomy":"post_tag","embeddable":true,"href":"https:\/\/radiocresatelital.com\/index.php?rest_route=%2Fwp%2Fv2%2Ftags&post=43653"}],"curies":[{"name":"wp","href":"https:\/\/api.w.org\/{rel}","templated":true}]}}