{"id":43647,"date":"2025-12-10T19:22:02","date_gmt":"2025-12-10T19:22:02","guid":{"rendered":"https:\/\/radiocresatelital.com\/?p=43647"},"modified":"2025-12-10T19:22:02","modified_gmt":"2025-12-10T19:22:02","slug":"policia-nacional-en-duran-ya-cuenta-con-investigadores-especializados-en-accidentologia-de-transito","status":"publish","type":"post","link":"https:\/\/radiocresatelital.com\/?p=43647","title":{"rendered":"Polic\u00eda Nacional en Dur\u00e1n ya cuenta con investigadores especializados en accidentolog\u00eda de tr\u00e1nsito"},"content":{"rendered":"<p>Dur\u00e1n.- La Polic\u00eda Nacional del Ecuador, a trav\u00e9s de la Subjefatura de Tr\u00e1nsito y como parte de la intervenci\u00f3n de la Autoridad de Tr\u00e1nsito de Dur\u00e1n (ATD), incorpor\u00f3 por primera vez en el cant\u00f3n a un equipo de agentes especializados del Servicio de Investigaciones de Accidentes de Tr\u00e1nsito (SIAT).<\/p>\n<p>Esta decisi\u00f3n, in\u00e9dita en la historia de la ciudad, fortalece de manera determinante la capacidad operativa y t\u00e9cnica para atender y esclarecer los siniestros viales que ocurren en la ciudad. Hasta ahora, Dur\u00e1n no contaba con este tipo de personal investigativo y depend\u00eda exclusivamente de la Comisi\u00f3n de Tr\u00e1nsito del Ecuador (CTE) para el levantamiento y la investigaci\u00f3n de accidentes.<\/p>\n<p>\u201cSon 20 servidores policiales que van a hacer base en el cant\u00f3n, y que vienen a transparentar cada uno de los procedimientos con personal t\u00e9cnico, calificado y acreditado por la fiscal\u00eda. Con este hecho in\u00e9dito vamos a transparentar cada uno de los procesos\u201d, destac\u00f3 el Teniente Coronel de Polic\u00eda Santiago Viteri, Jefe del Servicio de<br \/>\nControl de Tr\u00e1nsito y Seguridad Vial de Dur\u00e1n, quien lidera las acciones estrat\u00e9gicas de inspecci\u00f3n, control y ordenamiento vial.<\/p>\n<p>La llegada del SIAT viene a cambiar radicalmente este escenario, otorgando al cant\u00f3n autonom\u00eda, mayor eficiencia y una respuesta m\u00e1s oportuna frente a emergencias viales.<\/p>\n<p>Con este nuevo equipo, los tiempos de reacci\u00f3n ser\u00e1n m\u00e1s \u00e1giles, se optimizar\u00e1 la coordinaci\u00f3n en el lugar del siniestro y la ciudadan\u00eda recibir\u00e1 atenci\u00f3n directa y especializada sin retrasos innecesarios.<\/p>\n<p>La presencia de investigadores altamente capacitados tambi\u00e9n eleva el est\u00e1ndar de los procesos t\u00e9cnicos. Las pericias, el an\u00e1lisis de causas, la reconstrucci\u00f3n de accidentes y la elaboraci\u00f3n de informes se realizar\u00e1n con mayor rigor, transparencia y respaldo cient\u00edfico, garantizando resultados confiables que aporten a la justicia y a la prevenci\u00f3n.<\/p>\n<p>Esto se traduce en investigaciones m\u00e1s s\u00f3lidas, procedimientos m\u00e1s claros y una gesti\u00f3n m\u00e1s eficiente que fortalece la confianza ciudadana.<\/p>\n<p>Durante el primer operativo que cont\u00f3 con la participaci\u00f3n de los agentes especializados del Servicio de Investigaciones de Accidentes de Tr\u00e1nsito (SIAT) en la cuarta etapa de la ciudadela El Recreo, se identific\u00f3 un veh\u00edculo sospechoso con 5 individuos a bordo, quienes presuntamente estaban involucrados en un intento de secuestro registrado en horas de la ma\u00f1ana en el centro de la ciudad.<\/p>\n<p>La incorporaci\u00f3n de este equipo especializado refleja el firme compromiso institucional de la Polic\u00eda Nacional por mejorar la movilidad, fortalecer el control en las v\u00edas y avanzar hacia un modelo de seguridad vial moderno y eficiente. Con esta acci\u00f3n, Dur\u00e1n inicia una nueva etapa en la que la t\u00e9cnica, la especializaci\u00f3n y el servicio a la comunidad se convierten en pilares fundamentales para construir una ciudad m\u00e1s segura<\/p>\n","protected":false},"excerpt":{"rendered":"<p>Dur\u00e1n.- La Polic\u00eda Nacional del Ecuador, a trav\u00e9s de la Subjefatura de Tr\u00e1nsito y como parte de la intervenci\u00f3n de la Autoridad de Tr\u00e1nsito de Dur\u00e1n (ATD), incorpor\u00f3 por primera vez en el cant\u00f3n a un equipo de agentes especializados del Servicio de Investigaciones de Accidentes de Tr\u00e1nsito (SIAT). Esta decisi\u00f3n, in\u00e9dita en la historia [&hellip;]<\/p>\n","protected":false},"author":2,"featured_media":43648,"comment_status":"open","ping_status":"closed","sticky":false,"template":"","format":"standard","meta":{"_jetpack_memberships_contains_paid_content":false,"footnotes":""},"categories":[13],"tags":[6996],"class_list":["post-43647","post","type-post","status-publish","format-standard","has-post-thumbnail","hentry","category-noticias-nacionales","tag-subjefatura-de-transito"],"jetpack_featured_media_url":"https:\/\/radiocresatelital.com\/wp-content\/uploads\/2025\/12\/WhatsApp-Image-2025-12-10-at-11.44.55.jpeg","jetpack_sharing_enabled":true,"_links":{"self":[{"href":"https:\/\/radiocresatelital.com\/index.php?rest_route=\/wp\/v2\/posts\/43647","targetHints":{"allow":["GET"]}}],"collection":[{"href":"https:\/\/radiocresatelital.com\/index.php?rest_route=\/wp\/v2\/posts"}],"about":[{"href":"https:\/\/radiocresatelital.com\/index.php?rest_route=\/wp\/v2\/types\/post"}],"author":[{"embeddable":true,"href":"https:\/\/radiocresatelital.com\/index.php?rest_route=\/wp\/v2\/users\/2"}],"replies":[{"embeddable":true,"href":"https:\/\/radiocresatelital.com\/index.php?rest_route=%2Fwp%2Fv2%2Fcomments&post=43647"}],"version-history":[{"count":1,"href":"https:\/\/radiocresatelital.com\/index.php?rest_route=\/wp\/v2\/posts\/43647\/revisions"}],"predecessor-version":[{"id":43649,"href":"https:\/\/radiocresatelital.com\/index.php?rest_route=\/wp\/v2\/posts\/43647\/revisions\/43649"}],"wp:featuredmedia":[{"embeddable":true,"href":"https:\/\/radiocresatelital.com\/index.php?rest_route=\/wp\/v2\/media\/43648"}],"wp:attachment":[{"href":"https:\/\/radiocresatelital.com\/index.php?rest_route=%2Fwp%2Fv2%2Fmedia&parent=43647"}],"wp:term":[{"taxonomy":"category","embeddable":true,"href":"https:\/\/radiocresatelital.com\/index.php?rest_route=%2Fwp%2Fv2%2Fcategories&post=43647"},{"taxonomy":"post_tag","embeddable":true,"href":"https:\/\/radiocresatelital.com\/index.php?rest_route=%2Fwp%2Fv2%2Ftags&post=43647"}],"curies":[{"name":"wp","href":"https:\/\/api.w.org\/{rel}","templated":true}]}}