{"id":43641,"date":"2025-12-10T18:50:55","date_gmt":"2025-12-10T18:50:55","guid":{"rendered":"https:\/\/radiocresatelital.com\/?p=43641"},"modified":"2025-12-10T18:51:16","modified_gmt":"2025-12-10T18:51:16","slug":"alcalde-cuestiona-la-pasividad-de-sectores-empresariales-y-academicos-ante-ataques-a-guayaquil","status":"publish","type":"post","link":"https:\/\/radiocresatelital.com\/?p=43641","title":{"rendered":"Alcalde cuestiona la pasividad de sectores empresariales y acad\u00e9micos ante ataques a Guayaquil"},"content":{"rendered":"<p>Guayaquil.- Con un mensaje frontal y cargado de indignaci\u00f3n, el alcalde Aquiles Alvarez utiliz\u00f3 su enlace radial de este mi\u00e9rcoles para denunciar la falta de reacci\u00f3n de diversos sectores que deber\u00edan defender a la ciudad.<\/p>\n<p>\u201cGuayaquil no ha escuchado la voz de los representantes de las C\u00e1maras ni de la Academia ante todo el atropello que tiene Guayaquil, ante la persecuci\u00f3n a Guayaquil\u201d, se\u00f1al\u00f3, reclamando la ausencia de pronunciamientos frente a lo que considera agresiones constantes.<\/p>\n<p>Adem\u00e1s, anunci\u00f3 que dejar\u00e1 de convocar a estos grupos porque, seg\u00fan afirm\u00f3, \u201cest\u00e1 clar\u00edsimo que no les interesa alzar la voz por Guayaquil, no los convoco, si se quieren sumar que se sumen, pero nosotros estamos con Dios, con la gente y con los barrios, con eso es suficiente\u201d. Agradeci\u00f3, en contraste, el respaldo de los barrios y sus dirigentes.<\/p>\n<p>El Burgomaestre critic\u00f3 la postura pasiva frente a temas cr\u00edticos: \u201cTen\u00edamos una academia que alzaba la voz, hoy no, y durante la desidia de un Gobierno, ante la intenci\u00f3n de apropiarse de USD 400 millones de los fondos de los guayaquile\u00f1os y liquidar la Autoridad Aeroportuaria de Guayaquil, ante el abandono en salud, ante el pago de rentas al Muy Ilustre Municipio de Guayaquil, tarde, mal y nunca, callan, son c\u00f3modos, \u00bfpara qu\u00e9 existen las c\u00e1maras? \u00bfSolo para hacer negocios?\u201d, expres\u00f3.<\/p>\n<p>Record\u00f3 que esta administraci\u00f3n \u201cha colaborado con las C\u00e1maras como nunca antes\u201d y lanz\u00f3 un llamado directo: \u201cyo s\u00ed quiero hacer un llamado, que se despierten o es que solo quieren estar en las c\u00e1maras para hacer negocios? Antes ten\u00edamos representantes\u201d.<\/p>\n<p>Alvarez tambi\u00e9n relat\u00f3 que intent\u00f3 impulsar un frente c\u00edvico para defender la autonom\u00eda de la ciudad, pero no encontr\u00f3 apoyo: \u201ccuando me puse a ver a los lados, no hab\u00eda ninguno porque se esconden (\u2026) son tibios, pero cuando era contra Correa con la Nutella y dem\u00e1s, estaban en primera fila, ah\u00ed s\u00ed saltaban, eso es lo que estamos viviendo hoy y me duele en el alma, los hemos apoyado a full\u201d.<\/p>\n<p>Cuestion\u00f3 que estos sectores permanezcan ausentes incluso en momentos institucionales relevantes: \u201cpara defender a Guayaquil, su autonom\u00eda y los ataques que est\u00e1 recibiendo est\u00e1n calladitos y eso (\u2026) lo va a recordar los guayaquile\u00f1os, va a recordar esta tibieza y va a quedar en la historia que el \u00fanico que alz\u00f3 la voz fui yo y no importa, con Dios es suficiente y con la gente tambi\u00e9n vamos a prevalecer\u201d. A\u00f1adi\u00f3 que, inclusive, en las \u00faltimas sesiones solemnes \u201cni siquiera han ido\u201d.<\/p>\n<p>Finalmente, evoc\u00f3 \u00e9pocas de liderazgo m\u00e1s activo dentro de las c\u00e1maras: \u201cA lo largo de la historia hemos tenido representantes importantes en las c\u00e1maras de comercio, construcci\u00f3n, producci\u00f3n. Ten\u00edamos una Mar\u00eda Gloria Alarc\u00f3n que luchaba en primera l\u00ednea con el alcalde Jaime Nebot en cualquier marcha que llamaba la ciudad a exigir respeto sobre autonom\u00eda y dem\u00e1s, tuvimos un Pablo Arosemena que tambi\u00e9n sali\u00f3 a marchar\u201d.<\/p>\n","protected":false},"excerpt":{"rendered":"<p>Guayaquil.- Con un mensaje frontal y cargado de indignaci\u00f3n, el alcalde Aquiles Alvarez utiliz\u00f3 su enlace radial de este mi\u00e9rcoles para denunciar la falta de reacci\u00f3n de diversos sectores que deber\u00edan defender a la ciudad. \u201cGuayaquil no ha escuchado la voz de los representantes de las C\u00e1maras ni de la Academia ante todo el atropello [&hellip;]<\/p>\n","protected":false},"author":2,"featured_media":43642,"comment_status":"open","ping_status":"closed","sticky":false,"template":"","format":"standard","meta":{"_jetpack_memberships_contains_paid_content":false,"footnotes":""},"categories":[33,13],"tags":[1519],"class_list":["post-43641","post","type-post","status-publish","format-standard","has-post-thumbnail","hentry","category-guayaquil","category-noticias-nacionales","tag-alcalde-aquiles-alvarez"],"jetpack_featured_media_url":"https:\/\/radiocresatelital.com\/wp-content\/uploads\/2025\/12\/1-4-scaled.jpeg","jetpack_sharing_enabled":true,"_links":{"self":[{"href":"https:\/\/radiocresatelital.com\/index.php?rest_route=\/wp\/v2\/posts\/43641","targetHints":{"allow":["GET"]}}],"collection":[{"href":"https:\/\/radiocresatelital.com\/index.php?rest_route=\/wp\/v2\/posts"}],"about":[{"href":"https:\/\/radiocresatelital.com\/index.php?rest_route=\/wp\/v2\/types\/post"}],"author":[{"embeddable":true,"href":"https:\/\/radiocresatelital.com\/index.php?rest_route=\/wp\/v2\/users\/2"}],"replies":[{"embeddable":true,"href":"https:\/\/radiocresatelital.com\/index.php?rest_route=%2Fwp%2Fv2%2Fcomments&post=43641"}],"version-history":[{"count":1,"href":"https:\/\/radiocresatelital.com\/index.php?rest_route=\/wp\/v2\/posts\/43641\/revisions"}],"predecessor-version":[{"id":43643,"href":"https:\/\/radiocresatelital.com\/index.php?rest_route=\/wp\/v2\/posts\/43641\/revisions\/43643"}],"wp:featuredmedia":[{"embeddable":true,"href":"https:\/\/radiocresatelital.com\/index.php?rest_route=\/wp\/v2\/media\/43642"}],"wp:attachment":[{"href":"https:\/\/radiocresatelital.com\/index.php?rest_route=%2Fwp%2Fv2%2Fmedia&parent=43641"}],"wp:term":[{"taxonomy":"category","embeddable":true,"href":"https:\/\/radiocresatelital.com\/index.php?rest_route=%2Fwp%2Fv2%2Fcategories&post=43641"},{"taxonomy":"post_tag","embeddable":true,"href":"https:\/\/radiocresatelital.com\/index.php?rest_route=%2Fwp%2Fv2%2Ftags&post=43641"}],"curies":[{"name":"wp","href":"https:\/\/api.w.org\/{rel}","templated":true}]}}