{"id":43635,"date":"2025-12-10T18:25:50","date_gmt":"2025-12-10T18:25:50","guid":{"rendered":"https:\/\/radiocresatelital.com\/?p=43635"},"modified":"2025-12-10T18:26:06","modified_gmt":"2025-12-10T18:26:06","slug":"luces-musica-y-alegria-dieron-inicio-a-la-navidad-en-la-terminal-terrestre-de-guayaquil","status":"publish","type":"post","link":"https:\/\/radiocresatelital.com\/?p=43635","title":{"rendered":"Luces, m\u00fasica y alegr\u00eda dieron inicio a la Navidad en la Terminal Terrestre de Guayaquil"},"content":{"rendered":"<p>Guayaquil.- La Terminal Terrestre de Guayaquil se transform\u00f3 este lunes en el epicentro del esp\u00edritu navide\u00f1o al encender un imponente \u00e1rbol de 15 metros decorado con m\u00e1s de 4.500 luces LED. El lugar, que diariamente recibe a miles de viajeros y comerciantes, se volvi\u00f3 un escenario festivo que marc\u00f3 el inicio oficial de las celebraciones decembrinas en la ciudad.<\/p>\n<p>Entre aplausos, familias completas, usuarios del terminal y comerciantes se unieron al tradicional conteo regresivo liderado por el alcalde Aquiles Alvarez. \u201cQueremos dentro de todos los problemas, darles un momentito de felicidad.<\/p>\n<p>Y antes de terminar, para m\u00ed lo m\u00e1s importante es que entendamos que la Navidad es volver a sentir que Jes\u00fas nace<br \/>\nen nuestros corazones, de que tenemos que pedirle perd\u00f3n a Dios, de acercarnos a la gente a la que le hemos hecho da\u00f1o, incluso sin querer\u201d, afirm\u00f3 el Burgomaestre, destacando el sentido humano de estas fechas.<\/p>\n<p>La jornada incluy\u00f3 un colorido show inspirado en la historia del Grinch, que arranc\u00f3 risas y aplausos de los m\u00e1s de 100 ni\u00f1os hijos de comerciantes aut\u00f3nomos de las terminales de Guayaquil y Pascuales. Como cierre, los peque\u00f1os recibieron regalos y disfrutaron de una cena navide\u00f1a, un gesto posible gracias al aporte de empresas privadas comprometidas con esta iniciativa de uni\u00f3n y solidaridad.<\/p>\n<p>Antes del encendido, el Alcalde realiz\u00f3 un recorrido por la nueva \u00e1rea \u201cTu Espacio VIP\u201d, una moderna intervenci\u00f3n de 440,18 m\u00b2 resultado de inversi\u00f3n p\u00fablica y privada. Este espacio, dise\u00f1ado para 120 usuarios, est\u00e1 equipado con mobiliario de alta resistencia, tela antibacterial, de secado r\u00e1pido, resistente a \u00e1cidos y auto retardante al fuego, consolidando la evoluci\u00f3n del terminal hacia servicios m\u00e1s c\u00f3modos y seguros.<\/p>\n<p>Entre m\u00fasica, luces y renovaciones, la Terminal Terrestre confirm\u00f3 su papel como un punto de encuentro donde la movilidad, la modernizaci\u00f3n y la emoci\u00f3n de la temporada se unen. Este espacio, habitualmente de tr\u00e1nsito, se convirti\u00f3 por una noche en el escenario que encendi\u00f3 la Navidad para miles de ciudadanos.<\/p>\n","protected":false},"excerpt":{"rendered":"<p>Guayaquil.- La Terminal Terrestre de Guayaquil se transform\u00f3 este lunes en el epicentro del esp\u00edritu navide\u00f1o al encender un imponente \u00e1rbol de 15 metros decorado con m\u00e1s de 4.500 luces LED. El lugar, que diariamente recibe a miles de viajeros y comerciantes, se volvi\u00f3 un escenario festivo que marc\u00f3 el inicio oficial de las celebraciones [&hellip;]<\/p>\n","protected":false},"author":2,"featured_media":43636,"comment_status":"open","ping_status":"closed","sticky":false,"template":"","format":"standard","meta":{"_jetpack_memberships_contains_paid_content":false,"footnotes":""},"categories":[33,13],"tags":[1519,1589],"class_list":["post-43635","post","type-post","status-publish","format-standard","has-post-thumbnail","hentry","category-guayaquil","category-noticias-nacionales","tag-alcalde-aquiles-alvarez","tag-terminal-terrestre-de-guayaquil"],"jetpack_featured_media_url":"https:\/\/radiocresatelital.com\/wp-content\/uploads\/2025\/12\/1-3-scaled.jpeg","jetpack_sharing_enabled":true,"_links":{"self":[{"href":"https:\/\/radiocresatelital.com\/index.php?rest_route=\/wp\/v2\/posts\/43635","targetHints":{"allow":["GET"]}}],"collection":[{"href":"https:\/\/radiocresatelital.com\/index.php?rest_route=\/wp\/v2\/posts"}],"about":[{"href":"https:\/\/radiocresatelital.com\/index.php?rest_route=\/wp\/v2\/types\/post"}],"author":[{"embeddable":true,"href":"https:\/\/radiocresatelital.com\/index.php?rest_route=\/wp\/v2\/users\/2"}],"replies":[{"embeddable":true,"href":"https:\/\/radiocresatelital.com\/index.php?rest_route=%2Fwp%2Fv2%2Fcomments&post=43635"}],"version-history":[{"count":1,"href":"https:\/\/radiocresatelital.com\/index.php?rest_route=\/wp\/v2\/posts\/43635\/revisions"}],"predecessor-version":[{"id":43637,"href":"https:\/\/radiocresatelital.com\/index.php?rest_route=\/wp\/v2\/posts\/43635\/revisions\/43637"}],"wp:featuredmedia":[{"embeddable":true,"href":"https:\/\/radiocresatelital.com\/index.php?rest_route=\/wp\/v2\/media\/43636"}],"wp:attachment":[{"href":"https:\/\/radiocresatelital.com\/index.php?rest_route=%2Fwp%2Fv2%2Fmedia&parent=43635"}],"wp:term":[{"taxonomy":"category","embeddable":true,"href":"https:\/\/radiocresatelital.com\/index.php?rest_route=%2Fwp%2Fv2%2Fcategories&post=43635"},{"taxonomy":"post_tag","embeddable":true,"href":"https:\/\/radiocresatelital.com\/index.php?rest_route=%2Fwp%2Fv2%2Ftags&post=43635"}],"curies":[{"name":"wp","href":"https:\/\/api.w.org\/{rel}","templated":true}]}}