{"id":43617,"date":"2025-12-09T21:39:24","date_gmt":"2025-12-09T21:39:24","guid":{"rendered":"https:\/\/radiocresatelital.com\/?p=43617"},"modified":"2025-12-09T21:39:32","modified_gmt":"2025-12-09T21:39:32","slug":"vicepresidencia-lidero-coordinacion-interinstitucional-que-permitio-entregar-40-dosis-de-suero-antiescorpionico-para-el-pais","status":"publish","type":"post","link":"https:\/\/radiocresatelital.com\/?p=43617","title":{"rendered":"Vicepresidencia lider\u00f3 coordinaci\u00f3n interinstitucional que permiti\u00f3 entregar 40 dosis de suero antiescorpi\u00f3nico para el pa\u00eds"},"content":{"rendered":"<p>Quito.- La Vicepresidencia de la Rep\u00fablica, en articulaci\u00f3n con la Canciller\u00eda, el Ministerio de Salud P\u00fablica (MSP) y la Organizaci\u00f3n Panamericana de la Salud (OPS), logr\u00f3 la obtenci\u00f3n y traslado en tiempo r\u00e9cord de sueros anti escorpi\u00f3nico provenientes de Per\u00fa, Brasil y Argentina, destinados a atender casos urgentes registrados en Cuenca, Quito, Morona y Taisha. Este proceso, que usualmente podr\u00eda tomar semanas, se complet\u00f3 en uno y dos d\u00edas respectivamente gracias a una coordinaci\u00f3n t\u00e9cnica y diplom\u00e1tica inmediata.<\/p>\n<div class=\"pull-right col-md-5 \">\u201cGracias a esa cooperaci\u00f3n, hoy ya tenemos un primer lote de ant\u00eddotos que se est\u00e1 distribuyendo en los hospitales de referencia y que tambi\u00e9n permitir\u00e1 fortalecer la respuesta para esta zona amaz\u00f3nica. Parte de mi visita hoy es justamente revisar, junto con las autoridades locales y los equipos de salud, c\u00f3mo aseguramos que esos sueros se usen a tiempo, que los traslados de emergencia mejoren y que las condiciones de los centros permitan cuidar la vida de las personas, especialmente de los ni\u00f1os\u201d.<\/div>\n<p>La gesti\u00f3n diplom\u00e1tica y t\u00e9cnica permiti\u00f3 obtener las dosis del ant\u00eddoto formulado a partir de inmunoglobulinas espec\u00edficas generadas en respuesta al veneno de escorpi\u00f3n desde Per\u00fa y Argentina.\u00a0 Paralelamente, la Vicepresidencia realiz\u00f3 un contacto directo con OPS para confirmar el proceso de donaci\u00f3n de Brasil destinado a un caso cr\u00edtico en Cuenca, marcando un hito de eficiencia en la cooperaci\u00f3n internacional y en la coordinaci\u00f3n entre instituciones del Estado.<\/p>\n<p><em>\u201cGracias a esa cooperaci\u00f3n, hoy ya tenemos un primer lote de ant\u00eddotos que se est\u00e1 distribuyendo en los hospitales de referencia y que tambi\u00e9n permitir\u00e1 fortalecer la respuesta para esta zona amaz\u00f3nica. Parte de mi visita hoy es justamente revisar, junto con las autoridades locales y los equipos de salud, c\u00f3mo aseguramos que esos sueros se usen a tiempo, que los traslados de emergencia mejoren y que las condiciones de los centros permitan cuidar la vida de las personas, especialmente de los ni\u00f1os\u201d,\u00a0<\/em>explic\u00f3 la segunda mandataria<em>.<\/em><\/p>\n<p><strong>ARTICULACI\u00d3N INTERINSTITUCIONAL Y LOG\u00cdSTICA SANITARIA<\/strong><\/p>\n<p>La Canciller\u00eda activ\u00f3 de inmediato las gestiones con Per\u00fa y Argentina, logrando el env\u00edo de donaciones mediante valija diplom\u00e1tica. Desde Vicepresidencia se dio seguimiento t\u00e9cnico continuo con el Subsecretario de Cooperaci\u00f3n para asegurar tiempos y protocolos.<\/p>\n<p>Las dosis de Per\u00fa llegaron primero, transportadas por la Viceministra de Comercio Alexia Alc\u00edvar en un vuelo comercial, con coordinaci\u00f3n de cadena de fr\u00edo y entrega inmediata en Guayaquil. El Ministerio de Salud las traslad\u00f3 de forma directa a Cuenca y Macas.<\/p>\n<p>Las dosis de Argentina fueron enviadas el 5 de diciembre en un vuelo humanitario hacia Quito, y distribuidas por el Ministerio de Salud al Hospital Baca Ortiz y al Hospital de Macas.<\/p>\n<p>Las dosis gestionadas con Brasil fueron con apoyo de OPS y la Vicepresidencia articul\u00f3 la intervenci\u00f3n de Servicio Nacional de Aduana del Ecuador, para dar celeridad al proceso y que sean entregadas al Ministerio de Salud para la distribuci\u00f3n.<\/p>\n<p><strong>TRABAJO EN TERRITORIO: RESPUESTAS Y RESULTADOS<\/strong><\/p>\n<p>La respuesta r\u00e1pida y articulada demostrada en esta gesti\u00f3n corrige las brechas identificadas y fortalece los protocolos de abastecimiento. Paralelamente, contin\u00faan los procesos de investigaci\u00f3n administrativa y t\u00e9cnica para determinar responsabilidades y aplicar los correctivos estructurales necesarios que garanticen que situaciones similares no vuelvan a afectar a la poblaci\u00f3n.<\/p>\n<p>Este trabajo articulado reafirma que, cuando las instituciones del Estado act\u00faan coordinadamente, el pa\u00eds obtiene resultados eficientes. El Gobierno del presidente Daniel Noboa mantiene un firme compromiso con la salud de la ciudadan\u00eda, priorizando siempre acciones que protejan la vida y el bienestar de todos los ecuatorianos.<\/p>\n<p><strong>SITUACI\u00d3N EPIDEMIOL\u00d3GICA<\/strong><\/p>\n<p>La vigilancia epidemiol\u00f3gica del pa\u00eds se\u00f1ala la existencia de 47 especies de escorpiones distribuidas en 8 g\u00e9neros. En lo que va del a\u00f1o se han registrado 487 ataques y 2 fallecimientos. La Amazon\u00eda contin\u00faa siendo la zona con mayor incidencia debido a su diversidad de especies y caracter\u00edsticas ambientales.<\/p>\n<p>La gesti\u00f3n de las picaduras de escorpi\u00f3n en el pa\u00eds se encuentra estrictamente protocolizada. Las autoridades sanitarias recalcaron que no todos los casos requieren la aplicaci\u00f3n de anti-veneno, pues el suero solo debe administrarse en pacientes con cuadros moderados (Grado 2 en adelante) y graves (Grados 3 y 4).<\/p>\n<p>Hacemos un llamado a la ciudadan\u00eda a acudir de inmediato al establecimiento de salud m\u00e1s cercano ante una picadura, ya que solo un profesional puede evaluar correctamente la necesidad de administrar o no el suero. Asimismo, se exhorta a la poblaci\u00f3n, especialmente en provincias con alta incidencia como\u00a0<strong>Morona Santiago, Guayas y Manab\u00ed<\/strong>, a reforzar las medidas de prevenci\u00f3n tanto en el hogar como en los espacios laborales.<\/p>\n","protected":false},"excerpt":{"rendered":"<p>Quito.- La Vicepresidencia de la Rep\u00fablica, en articulaci\u00f3n con la Canciller\u00eda, el Ministerio de Salud P\u00fablica (MSP) y la Organizaci\u00f3n Panamericana de la Salud (OPS), logr\u00f3 la obtenci\u00f3n y traslado en tiempo r\u00e9cord de sueros anti escorpi\u00f3nico provenientes de Per\u00fa, Brasil y Argentina, destinados a atender casos urgentes registrados en Cuenca, Quito, Morona y Taisha. [&hellip;]<\/p>\n","protected":false},"author":2,"featured_media":43618,"comment_status":"open","ping_status":"closed","sticky":false,"template":"","format":"standard","meta":{"_jetpack_memberships_contains_paid_content":false,"footnotes":""},"categories":[13],"tags":[148,879,6],"class_list":["post-43617","post","type-post","status-publish","format-standard","has-post-thumbnail","hentry","category-noticias-nacionales","tag-ministerio-de-salud-publica","tag-organizacion-panamericana-de-la-salud","tag-vicepresidencia-de-la-republica"],"jetpack_featured_media_url":"https:\/\/radiocresatelital.com\/wp-content\/uploads\/2025\/12\/DSC02951_1-1536x1152-1.jpg","jetpack_sharing_enabled":true,"_links":{"self":[{"href":"https:\/\/radiocresatelital.com\/index.php?rest_route=\/wp\/v2\/posts\/43617","targetHints":{"allow":["GET"]}}],"collection":[{"href":"https:\/\/radiocresatelital.com\/index.php?rest_route=\/wp\/v2\/posts"}],"about":[{"href":"https:\/\/radiocresatelital.com\/index.php?rest_route=\/wp\/v2\/types\/post"}],"author":[{"embeddable":true,"href":"https:\/\/radiocresatelital.com\/index.php?rest_route=\/wp\/v2\/users\/2"}],"replies":[{"embeddable":true,"href":"https:\/\/radiocresatelital.com\/index.php?rest_route=%2Fwp%2Fv2%2Fcomments&post=43617"}],"version-history":[{"count":1,"href":"https:\/\/radiocresatelital.com\/index.php?rest_route=\/wp\/v2\/posts\/43617\/revisions"}],"predecessor-version":[{"id":43619,"href":"https:\/\/radiocresatelital.com\/index.php?rest_route=\/wp\/v2\/posts\/43617\/revisions\/43619"}],"wp:featuredmedia":[{"embeddable":true,"href":"https:\/\/radiocresatelital.com\/index.php?rest_route=\/wp\/v2\/media\/43618"}],"wp:attachment":[{"href":"https:\/\/radiocresatelital.com\/index.php?rest_route=%2Fwp%2Fv2%2Fmedia&parent=43617"}],"wp:term":[{"taxonomy":"category","embeddable":true,"href":"https:\/\/radiocresatelital.com\/index.php?rest_route=%2Fwp%2Fv2%2Fcategories&post=43617"},{"taxonomy":"post_tag","embeddable":true,"href":"https:\/\/radiocresatelital.com\/index.php?rest_route=%2Fwp%2Fv2%2Ftags&post=43617"}],"curies":[{"name":"wp","href":"https:\/\/api.w.org\/{rel}","templated":true}]}}