{"id":43614,"date":"2025-12-09T21:36:35","date_gmt":"2025-12-09T21:36:35","guid":{"rendered":"https:\/\/radiocresatelital.com\/?p=43614"},"modified":"2025-12-09T21:36:44","modified_gmt":"2025-12-09T21:36:44","slug":"vicepresidenta-verifico-condiciones-sanitarias-en-taisha-y-brinda-acompanamiento-a-familia-afectada","status":"publish","type":"post","link":"https:\/\/radiocresatelital.com\/?p=43614","title":{"rendered":"Vicepresidenta verific\u00f3 condiciones sanitarias en Taisha y brinda acompa\u00f1amiento a familia afectada"},"content":{"rendered":"<p>Quito.- La Vicepresidenta de la Rep\u00fablica, Mar\u00eda Jos\u00e9 Pinto, visit\u00f3 el puesto de salud de la comunidad de Sapapentsa, en el cant\u00f3n Taisha, donde semanas atr\u00e1s se registr\u00f3 el lamentable fallecimiento de una ni\u00f1a de 2 a\u00f1os. Su recorrido tuvo como prop\u00f3sito constatar de primera mano las condiciones del establecimiento y verificar las acciones inmediatas que deben ejecutarse para fortalecer la atenci\u00f3n sanitaria en la zona. Es la primera vez que una autoridad de alto nivel llega a esta comunidad.<\/p>\n<div class=\"pull-right col-md-5 \">\u201cNo vengo a ofrecer soluciones m\u00e1gicas ni a decir que todo est\u00e1 resuelto. Vengo a asumir una responsabilidad: que lo que estoy viendo y escuchando aqu\u00ed no se quede en una visita m\u00e1s, sino en un trabajo coordinado con las instituciones que deben responder\u201d<\/div>\n<p>Durante su agenda en la provincia de Morona Santiago, la Vicepresidenta tambi\u00e9n mantuvo un encuentro con la familia Sanchim, a quienes brind\u00f3 el acompa\u00f1amiento institucional y el compromiso del Estado para dar seguimiento a los procesos de investigaci\u00f3n y mejora que permitan evitar hechos similares en la zona.<\/p>\n<p>La segunda mandataria recalc\u00f3 que la transparencia, la corresponsabilidad y la presencia estatal efectiva son indispensables para recuperar la confianza ciudadana en el sistema de salud. \u201cNo vengo a ofrecer soluciones m\u00e1gicas ni a decir que todo est\u00e1 resuelto. Vengo a asumir una responsabilidad: que lo que estoy viendo y escuchando aqu\u00ed no se quede en una visita m\u00e1s, sino en un trabajo coordinado con las instituciones que deben responder\u201d, manifest\u00f3.<\/p>\n<p>El Gobierno del presidente Daniel Noboa reafirma su compromiso con el fortalecimiento de la atenci\u00f3n primaria y con llevar servicios de salud oportunos a todas las comunidades del pa\u00eds, especialmente a aquellas que hist\u00f3ricamente han enfrentado mayores brechas de acceso. Con acciones concretas y presencia permanente en territorio, se busca garantizar que cada familia reciba la protecci\u00f3n y acompa\u00f1amiento digno.<\/p>\n","protected":false},"excerpt":{"rendered":"<p>Quito.- La Vicepresidenta de la Rep\u00fablica, Mar\u00eda Jos\u00e9 Pinto, visit\u00f3 el puesto de salud de la comunidad de Sapapentsa, en el cant\u00f3n Taisha, donde semanas atr\u00e1s se registr\u00f3 el lamentable fallecimiento de una ni\u00f1a de 2 a\u00f1os. Su recorrido tuvo como prop\u00f3sito constatar de primera mano las condiciones del establecimiento y verificar las acciones inmediatas [&hellip;]<\/p>\n","protected":false},"author":2,"featured_media":43615,"comment_status":"open","ping_status":"closed","sticky":false,"template":"","format":"standard","meta":{"_jetpack_memberships_contains_paid_content":false,"footnotes":""},"categories":[13],"tags":[4767,1336],"class_list":["post-43614","post","type-post","status-publish","format-standard","has-post-thumbnail","hentry","category-noticias-nacionales","tag-maria-jose-pinto","tag-vicepresidenta-de-la-republica"],"jetpack_featured_media_url":"https:\/\/radiocresatelital.com\/wp-content\/uploads\/2025\/12\/DSC03189_1-1536x1152-1.jpg","jetpack_sharing_enabled":true,"_links":{"self":[{"href":"https:\/\/radiocresatelital.com\/index.php?rest_route=\/wp\/v2\/posts\/43614","targetHints":{"allow":["GET"]}}],"collection":[{"href":"https:\/\/radiocresatelital.com\/index.php?rest_route=\/wp\/v2\/posts"}],"about":[{"href":"https:\/\/radiocresatelital.com\/index.php?rest_route=\/wp\/v2\/types\/post"}],"author":[{"embeddable":true,"href":"https:\/\/radiocresatelital.com\/index.php?rest_route=\/wp\/v2\/users\/2"}],"replies":[{"embeddable":true,"href":"https:\/\/radiocresatelital.com\/index.php?rest_route=%2Fwp%2Fv2%2Fcomments&post=43614"}],"version-history":[{"count":1,"href":"https:\/\/radiocresatelital.com\/index.php?rest_route=\/wp\/v2\/posts\/43614\/revisions"}],"predecessor-version":[{"id":43616,"href":"https:\/\/radiocresatelital.com\/index.php?rest_route=\/wp\/v2\/posts\/43614\/revisions\/43616"}],"wp:featuredmedia":[{"embeddable":true,"href":"https:\/\/radiocresatelital.com\/index.php?rest_route=\/wp\/v2\/media\/43615"}],"wp:attachment":[{"href":"https:\/\/radiocresatelital.com\/index.php?rest_route=%2Fwp%2Fv2%2Fmedia&parent=43614"}],"wp:term":[{"taxonomy":"category","embeddable":true,"href":"https:\/\/radiocresatelital.com\/index.php?rest_route=%2Fwp%2Fv2%2Fcategories&post=43614"},{"taxonomy":"post_tag","embeddable":true,"href":"https:\/\/radiocresatelital.com\/index.php?rest_route=%2Fwp%2Fv2%2Ftags&post=43614"}],"curies":[{"name":"wp","href":"https:\/\/api.w.org\/{rel}","templated":true}]}}