{"id":43591,"date":"2025-12-09T20:34:15","date_gmt":"2025-12-09T20:34:15","guid":{"rendered":"https:\/\/radiocresatelital.com\/?p=43591"},"modified":"2025-12-09T20:35:56","modified_gmt":"2025-12-09T20:35:56","slug":"confianza-de-los-guayaquilenos-impulsa-aumento-en-la-recaudacion-de-prediales-y-cem","status":"publish","type":"post","link":"https:\/\/radiocresatelital.com\/?p=43591","title":{"rendered":"Confianza de los guayaquile\u00f1os impulsa aumento en la recaudaci\u00f3n de prediales y CEM"},"content":{"rendered":"<p>Guayaquil.- La recaudaci\u00f3n entre enero y noviembre de 2025 por concepto de impuesto predial y Contribuci\u00f3n Especial de Mejoras (CEM) super\u00f3 los USD 46,1 millones, registrando un crecimiento significativo que refleja la confianza de los guayaquile\u00f1os en el manejo responsable y transparente de los recursos por parte de la Alcald\u00eda de Guayaquil.<\/p>\n<p>El predial aument\u00f3 un 3%, al pasar de USD 33,67 millones entre enero y noviembre de 2024 a USD 34,77 millones en el mismo periodo de 2025. La CEM, por su parte, creci\u00f3 un 53%, al pasar de USD 7,45 millones a USD 11,40 millones, demostrando que los ciudadanos perciben que cada d\u00f3lar pagado se traduce directamente en m\u00e1s y mejores obras y servicios.<\/p>\n<p>Entre los proyectos financiados se destacan la pavimentaci\u00f3n y repavimentaci\u00f3n de calles, construcci\u00f3n de aceras y bordillos, regeneraci\u00f3n urbana, nueva infraestructura, parques, plazas y programas sociales.<\/p>\n<p>Con la llegada de diciembre, la Municipalidad invita a todos los contribuyentes a aprovechar este \u00faltimo mes del a\u00f1o para ponerse al d\u00eda con el Impuesto Predial y la CEM correspondientes al ejercicio econ\u00f3mico 2025, evitando intereses, multas y recargos que comenzar\u00e1n a aplicarse desde enero pr\u00f3ximo.<\/p>\n<p>Desde el 1 de enero est\u00e1n habilitados los canales virtuales y los puntos autorizados del sistema financiero para realizar pagos en l\u00ednea. Tambi\u00e9n contin\u00faan operativas las ventanillas del Palacio Municipal para atenci\u00f3n presencial.<\/p>\n<p>Cabe recordar que la Contribuci\u00f3n Especial de Mejoras (CEM) permite recuperar las inversiones realizadas en obra p\u00fablica entre 2015 y 2022, distribuidas en siete anualidades hasta 2030.<\/p>\n","protected":false},"excerpt":{"rendered":"<p>Guayaquil.- La recaudaci\u00f3n entre enero y noviembre de 2025 por concepto de impuesto predial y Contribuci\u00f3n Especial de Mejoras (CEM) super\u00f3 los USD 46,1 millones, registrando un crecimiento significativo que refleja la confianza de los guayaquile\u00f1os en el manejo responsable y transparente de los recursos por parte de la Alcald\u00eda de Guayaquil. El predial aument\u00f3 [&hellip;]<\/p>\n","protected":false},"author":2,"featured_media":43594,"comment_status":"open","ping_status":"closed","sticky":false,"template":"","format":"standard","meta":{"_jetpack_memberships_contains_paid_content":false,"footnotes":""},"categories":[33,13],"tags":[6988],"class_list":["post-43591","post","type-post","status-publish","format-standard","has-post-thumbnail","hentry","category-guayaquil","category-noticias-nacionales","tag-impuesto-predial-y-contribucion-especial-de-mejoras"],"jetpack_featured_media_url":"https:\/\/radiocresatelital.com\/wp-content\/uploads\/2025\/12\/677bbf013273b.png","jetpack_sharing_enabled":true,"_links":{"self":[{"href":"https:\/\/radiocresatelital.com\/index.php?rest_route=\/wp\/v2\/posts\/43591","targetHints":{"allow":["GET"]}}],"collection":[{"href":"https:\/\/radiocresatelital.com\/index.php?rest_route=\/wp\/v2\/posts"}],"about":[{"href":"https:\/\/radiocresatelital.com\/index.php?rest_route=\/wp\/v2\/types\/post"}],"author":[{"embeddable":true,"href":"https:\/\/radiocresatelital.com\/index.php?rest_route=\/wp\/v2\/users\/2"}],"replies":[{"embeddable":true,"href":"https:\/\/radiocresatelital.com\/index.php?rest_route=%2Fwp%2Fv2%2Fcomments&post=43591"}],"version-history":[{"count":1,"href":"https:\/\/radiocresatelital.com\/index.php?rest_route=\/wp\/v2\/posts\/43591\/revisions"}],"predecessor-version":[{"id":43593,"href":"https:\/\/radiocresatelital.com\/index.php?rest_route=\/wp\/v2\/posts\/43591\/revisions\/43593"}],"wp:featuredmedia":[{"embeddable":true,"href":"https:\/\/radiocresatelital.com\/index.php?rest_route=\/wp\/v2\/media\/43594"}],"wp:attachment":[{"href":"https:\/\/radiocresatelital.com\/index.php?rest_route=%2Fwp%2Fv2%2Fmedia&parent=43591"}],"wp:term":[{"taxonomy":"category","embeddable":true,"href":"https:\/\/radiocresatelital.com\/index.php?rest_route=%2Fwp%2Fv2%2Fcategories&post=43591"},{"taxonomy":"post_tag","embeddable":true,"href":"https:\/\/radiocresatelital.com\/index.php?rest_route=%2Fwp%2Fv2%2Ftags&post=43591"}],"curies":[{"name":"wp","href":"https:\/\/api.w.org\/{rel}","templated":true}]}}