{"id":43588,"date":"2025-12-09T20:28:09","date_gmt":"2025-12-09T20:28:09","guid":{"rendered":"https:\/\/radiocresatelital.com\/?p=43588"},"modified":"2025-12-09T20:28:09","modified_gmt":"2025-12-09T20:28:09","slug":"en-duran-se-fortalece-el-emprendimiento-local-a-traves-de-exposicion-de-talleres-artesanales-navidenos","status":"publish","type":"post","link":"https:\/\/radiocresatelital.com\/?p=43588","title":{"rendered":"En Dur\u00e1n, se fortalece el emprendimiento local a trav\u00e9s de exposici\u00f3n de talleres artesanales navide\u00f1os"},"content":{"rendered":"<p>Dur\u00e1n.- La Magia de la Navidad Artesanal, es un espacio creado para promover el talento, la creatividad y el esp\u00edritu emprendedor de nuestra localidad. Este evento se desarrollar\u00e1 ma\u00f1ana, mi\u00e9rcoles 10 de diciembre, a partir de las 09h00 locales (14h00 GMT), en las instalaciones de CEMATID, y que reunir\u00e1 alrededor de 150 estudiantes de los talleres artesanales que imparte la Municipalidad.<\/p>\n<p>Durante esta jornada, los asistentes podr\u00e1n conocer y adquirir productos elaborados por emprendedores formados en los distintos programas municipales, entre los que destacan:<\/p>\n<p>\uf0b7 Reposter\u00eda<br \/>\n\uf0b7 Corte y confecci\u00f3n<br \/>\n\uf0b7 Manualidades y decoraci\u00f3n navide\u00f1a<br \/>\n\uf0b7 U\u00f1as acr\u00edlicas<br \/>\n\uf0b7 Servicios de spa y peluquer\u00eda<br \/>\n\uf0b7 Maquillaje profesional<\/p>\n<p>Esta exposici\u00f3n busca ofrecer una vitrina comercial a los participantes, impulsar la reactivaci\u00f3n econ\u00f3mica local y celebrar el talento de quienes han dedicado tiempo y esfuerzo en perfeccionar sus habilidades a trav\u00e9s de los talleres<br \/>\nartesanales municipales.<\/p>\n<p>Durante esta jornada, los visitantes tendr\u00e1n la oportunidad de inscribirse en los nuevos talleres artesanales que iniciaran el pr\u00f3ximo a\u00f1o y as\u00ed contar con la oportunidad de constituir un emprendimiento.<\/p>\n<p>La Administraci\u00f3n del alcalde Luis Chonillo, reitera su compromiso con el desarrollo comunitario y la generaci\u00f3n de oportunidades, especialmente en esta temporada navide\u00f1a que nos invita a la uni\u00f3n, la solidaridad y al apoyo mutuo.<\/p>\n","protected":false},"excerpt":{"rendered":"<p>Dur\u00e1n.- La Magia de la Navidad Artesanal, es un espacio creado para promover el talento, la creatividad y el esp\u00edritu emprendedor de nuestra localidad. Este evento se desarrollar\u00e1 ma\u00f1ana, mi\u00e9rcoles 10 de diciembre, a partir de las 09h00 locales (14h00 GMT), en las instalaciones de CEMATID, y que reunir\u00e1 alrededor de 150 estudiantes de los [&hellip;]<\/p>\n","protected":false},"author":2,"featured_media":43589,"comment_status":"open","ping_status":"closed","sticky":false,"template":"","format":"standard","meta":{"_jetpack_memberships_contains_paid_content":false,"footnotes":""},"categories":[13],"tags":[6987],"class_list":["post-43588","post","type-post","status-publish","format-standard","has-post-thumbnail","hentry","category-noticias-nacionales","tag-magia-de-la-navidad-artesanal"],"jetpack_featured_media_url":"https:\/\/radiocresatelital.com\/wp-content\/uploads\/2025\/12\/WhatsApp-Image-2025-12-09-at-15.22.42.jpeg","jetpack_sharing_enabled":true,"_links":{"self":[{"href":"https:\/\/radiocresatelital.com\/index.php?rest_route=\/wp\/v2\/posts\/43588","targetHints":{"allow":["GET"]}}],"collection":[{"href":"https:\/\/radiocresatelital.com\/index.php?rest_route=\/wp\/v2\/posts"}],"about":[{"href":"https:\/\/radiocresatelital.com\/index.php?rest_route=\/wp\/v2\/types\/post"}],"author":[{"embeddable":true,"href":"https:\/\/radiocresatelital.com\/index.php?rest_route=\/wp\/v2\/users\/2"}],"replies":[{"embeddable":true,"href":"https:\/\/radiocresatelital.com\/index.php?rest_route=%2Fwp%2Fv2%2Fcomments&post=43588"}],"version-history":[{"count":1,"href":"https:\/\/radiocresatelital.com\/index.php?rest_route=\/wp\/v2\/posts\/43588\/revisions"}],"predecessor-version":[{"id":43590,"href":"https:\/\/radiocresatelital.com\/index.php?rest_route=\/wp\/v2\/posts\/43588\/revisions\/43590"}],"wp:featuredmedia":[{"embeddable":true,"href":"https:\/\/radiocresatelital.com\/index.php?rest_route=\/wp\/v2\/media\/43589"}],"wp:attachment":[{"href":"https:\/\/radiocresatelital.com\/index.php?rest_route=%2Fwp%2Fv2%2Fmedia&parent=43588"}],"wp:term":[{"taxonomy":"category","embeddable":true,"href":"https:\/\/radiocresatelital.com\/index.php?rest_route=%2Fwp%2Fv2%2Fcategories&post=43588"},{"taxonomy":"post_tag","embeddable":true,"href":"https:\/\/radiocresatelital.com\/index.php?rest_route=%2Fwp%2Fv2%2Ftags&post=43588"}],"curies":[{"name":"wp","href":"https:\/\/api.w.org\/{rel}","templated":true}]}}