{"id":43584,"date":"2025-12-09T19:48:16","date_gmt":"2025-12-09T19:48:16","guid":{"rendered":"https:\/\/radiocresatelital.com\/?p=43584"},"modified":"2025-12-09T19:48:16","modified_gmt":"2025-12-09T19:48:16","slug":"en-reforma-integral-maria-paula-villacreses-plantea-sancionar-nuevas-formas-de-violencia","status":"publish","type":"post","link":"https:\/\/radiocresatelital.com\/?p=43584","title":{"rendered":"En reforma integral, Mar\u00eda Paula Villacreses plantea sancionar nuevas formas de violencia"},"content":{"rendered":"<p>Quito.- Con el prop\u00f3sito de modernizar la normativa vigente desde 2018 y responder a la evoluci\u00f3n de las violencias que enfrentan ni\u00f1as, adolescentes y mujeres en el Ecuador, la asamble\u00edsta Mar\u00eda Paula Villacreses present\u00f3 el proyecto de Ley Reformatoria a la Ley Org\u00e1nica Integral para la Prevenci\u00f3n y Erradicaci\u00f3n de la Violencia contra las Mujeres.<\/p>\n<p>Con esta actualizaci\u00f3n normativa se busca no solo sancionar a los agresores, sino tambi\u00e9n transformar las condiciones estructurales que perpet\u00faan la violencia, garantizar una reparaci\u00f3n justa y efectiva para las v\u00edctimas y avanzar hacia un pa\u00eds en el que todas las mujeres puedan vivir libres de violencia, con dignidad, igualdad y plenos derechos, subray\u00f3 Villacreses.<\/p>\n<p>Explic\u00f3 que su propuesta, construida junto a colectivos y organizaciones de mujeres, plantea sancionar nuevas formas de violencia, como la violencia digital, obst\u00e9trica, ginecol\u00f3gica, institucional, simb\u00f3lica y pol\u00edtica, y crea adem\u00e1s un cap\u00edtulo interseccional que reconoce que mujeres ind\u00edgenas, afroecuatorianas, rurales, migrantes, con discapacidad o parte de la diversidad sexo-gen\u00e9rica viven m\u00faltiples formas de discriminaci\u00f3n que requieren protecci\u00f3n reforzada.<\/p>\n<p>\u201cLa violencia cambi\u00f3 y el Estado debe estar a la altura. Esta reforma es una herramienta completa para salvar vidas, proteger derechos y garantizar justicia; las mujeres podremos defender nuestros derechos\u201d, afirm\u00f3 Villacreses.<\/p>\n<p>A\u00f1adi\u00f3 que, seg\u00fan datos oficiales, 7 de cada 10 mujeres en Ecuador han sufrido alg\u00fan tipo de violencia, y una mujer es v\u00edctima de femicidio cada 72 horas, cifras que evidencian la urgencia de una normativa m\u00e1s robusta y actualizada.<\/p>\n<p>Detall\u00f3 que el proyecto, presentado en el marco de la conmemoraci\u00f3n del D\u00eda de los Derechos Humanos (10 de diciembre), se ajusta a los est\u00e1ndares de la CEDAW, la Convenci\u00f3n de Bel\u00e9m do Par\u00e1, la Corte Interamericana de Derechos Humanos, la OMS y la Corte Constitucional, fortaleciendo los mecanismos de prevenci\u00f3n, atenci\u00f3n, sanci\u00f3n, reparaci\u00f3n integral y supervisi\u00f3n institucional, especialmente en las Juntas Cantonales de Protecci\u00f3n de Derechos.<\/p>\n<p><strong>La propuesta legislativa responde a los siguientes ejes centrales:<\/strong><\/p>\n<p><strong>Actualizaci\u00f3n de definiciones y tipos de violencia:<\/strong>\u00a0Se incorporan nuevas formas de violencia, como la digital, obst\u00e9trica, ginecol\u00f3gica, simb\u00f3lica, pol\u00edtica e institucional, conforme a est\u00e1ndares internacionales.<\/p>\n<p><strong>Reconocimiento de la interseccionalidad:<\/strong>\u00a0Se establece este principio como eje para el dise\u00f1o de pol\u00edticas p\u00fablicas y la administraci\u00f3n de justicia, considerando a mujeres ind\u00edgenas, afrodescendientes, montubias, rurales, migrantes, privadas de libertad, con discapacidad, adultas mayores, ni\u00f1as y adolescentes, entre otras.<\/p>\n<p><strong>Ampliaci\u00f3n de derechos:<\/strong>\u00a0Se garantiza protecci\u00f3n reforzada para mujeres en situaci\u00f3n de vulnerabilidad m\u00faltiple, el derecho a la memoria y al reconocimiento p\u00fablico, y la participaci\u00f3n vinculante de organizaciones sociales en pol\u00edticas de erradicaci\u00f3n de la violencia.<\/p>\n<p><strong>Fortalecimiento institucional y supervisi\u00f3n:<\/strong>\u00a0Se crean mecanismos de auditor\u00eda, monitoreo y control de las Juntas Cantonales de Protecci\u00f3n de Derechos para asegurar la efectividad y transparencia de sus acciones.<\/p>\n<p><strong>Reparaci\u00f3n integral y transformadora:<\/strong>\u00a0Se ampl\u00edan las medidas de reparaci\u00f3n, que incluyen restituci\u00f3n de derechos, compensaci\u00f3n econ\u00f3mica, rehabilitaci\u00f3n m\u00e9dica y psicol\u00f3gica, actos de memoria hist\u00f3rica, garant\u00edas de no repetici\u00f3n y medidas estructurales colectivas.<\/p>\n<p><strong>Reforma penal:\u00a0<\/strong>Se incorporan nuevos tipos penales en el COIP para sancionar la violencia pol\u00edtica de g\u00e9nero, simb\u00f3lica, ginecol\u00f3gica, obst\u00e9trica y digital, con penas proporcionales y agravantes en casos de mayor vulnerabilidad.<\/p>\n","protected":false},"excerpt":{"rendered":"<p>Quito.- Con el prop\u00f3sito de modernizar la normativa vigente desde 2018 y responder a la evoluci\u00f3n de las violencias que enfrentan ni\u00f1as, adolescentes y mujeres en el Ecuador, la asamble\u00edsta Mar\u00eda Paula Villacreses present\u00f3 el proyecto de Ley Reformatoria a la Ley Org\u00e1nica Integral para la Prevenci\u00f3n y Erradicaci\u00f3n de la Violencia contra las Mujeres. [&hellip;]<\/p>\n","protected":false},"author":2,"featured_media":43585,"comment_status":"open","ping_status":"closed","sticky":false,"template":"","format":"standard","meta":{"_jetpack_memberships_contains_paid_content":false,"footnotes":""},"categories":[13],"tags":[6986,6985],"class_list":["post-43584","post","type-post","status-publish","format-standard","has-post-thumbnail","hentry","category-noticias-nacionales","tag-ley-reformatoria-a-la-ley-organica-integral-para-la-prevencion-y-erradicacion-de-la-violencia-contra-las-mujeres","tag-maria-paula-villacreses"],"jetpack_featured_media_url":"https:\/\/radiocresatelital.com\/wp-content\/uploads\/2025\/12\/sin_titulo1_4.jpg","jetpack_sharing_enabled":true,"_links":{"self":[{"href":"https:\/\/radiocresatelital.com\/index.php?rest_route=\/wp\/v2\/posts\/43584","targetHints":{"allow":["GET"]}}],"collection":[{"href":"https:\/\/radiocresatelital.com\/index.php?rest_route=\/wp\/v2\/posts"}],"about":[{"href":"https:\/\/radiocresatelital.com\/index.php?rest_route=\/wp\/v2\/types\/post"}],"author":[{"embeddable":true,"href":"https:\/\/radiocresatelital.com\/index.php?rest_route=\/wp\/v2\/users\/2"}],"replies":[{"embeddable":true,"href":"https:\/\/radiocresatelital.com\/index.php?rest_route=%2Fwp%2Fv2%2Fcomments&post=43584"}],"version-history":[{"count":1,"href":"https:\/\/radiocresatelital.com\/index.php?rest_route=\/wp\/v2\/posts\/43584\/revisions"}],"predecessor-version":[{"id":43586,"href":"https:\/\/radiocresatelital.com\/index.php?rest_route=\/wp\/v2\/posts\/43584\/revisions\/43586"}],"wp:featuredmedia":[{"embeddable":true,"href":"https:\/\/radiocresatelital.com\/index.php?rest_route=\/wp\/v2\/media\/43585"}],"wp:attachment":[{"href":"https:\/\/radiocresatelital.com\/index.php?rest_route=%2Fwp%2Fv2%2Fmedia&parent=43584"}],"wp:term":[{"taxonomy":"category","embeddable":true,"href":"https:\/\/radiocresatelital.com\/index.php?rest_route=%2Fwp%2Fv2%2Fcategories&post=43584"},{"taxonomy":"post_tag","embeddable":true,"href":"https:\/\/radiocresatelital.com\/index.php?rest_route=%2Fwp%2Fv2%2Ftags&post=43584"}],"curies":[{"name":"wp","href":"https:\/\/api.w.org\/{rel}","templated":true}]}}