{"id":43579,"date":"2025-12-09T19:36:05","date_gmt":"2025-12-09T19:36:05","guid":{"rendered":"https:\/\/radiocresatelital.com\/?p=43579"},"modified":"2025-12-09T19:39:22","modified_gmt":"2025-12-09T19:39:22","slug":"guayaquil-honra-la-declaracion-universal-de-los-derechos-humanos-con-acciones-concretas","status":"publish","type":"post","link":"https:\/\/radiocresatelital.com\/?p=43579","title":{"rendered":"Guayaquil honra la Declaraci\u00f3n Universal de los Derechos Humanos con acciones concretas"},"content":{"rendered":"<p>Guayaquil.- Cada 10 de diciembre, el mundo recuerda un hito hist\u00f3rico: la adopci\u00f3n de la Declaraci\u00f3n Universal de Derechos Humanos por la Asamblea General de la ONU en 1948. Este documento se convirti\u00f3 en un pilar de las constituciones de numerosos pa\u00edses y, en Guayaquil, gu\u00eda fundamental de la gesti\u00f3n del alcalde Aquiles Alvarez, cuya administraci\u00f3n pone en pr\u00e1ctica los principios de dignidad, igualdad y derechos universales en acciones concretas que transforman la vida de sus habitantes.<\/p>\n<p>El primer art\u00edculo establece que \u201ctodos los seres humanos nacen libres e iguales en dignidad y derechos, y que, dotados de raz\u00f3n y conciencia, deben actuar de manera fraterna entre s\u00ed\u201d. Devolver dignidad a las personas es precisamente el fundamento del trabajo de esta administraci\u00f3n, un compromiso que se refleja en m\u00faltiples iniciativas con impacto real en la comunidad.<\/p>\n<p>En servicios b\u00e1sicos, la ejecuci\u00f3n del Quinto Acueducto permitir\u00e1 que m\u00e1s de 400.000 habitantes del noroeste de Guayaquil accedan a agua potable, un recurso vital que mejora la salud, la calidad de vida y las oportunidades de desarrollo.<\/p>\n<p>En salud, la administraci\u00f3n ha ofrecido 2,2 millones de atenciones m\u00e9dicas a 1,4 millones de pacientes en 55 establecimientos durante 30 meses, fortaleciendo la red de atenci\u00f3n municipal y garantizando que la salud sea un derecho accesible para todos.<\/p>\n<p>La educaci\u00f3n tambi\u00e9n ha sido un eje prioritario. El programa \u201cEd\u00facate Guayaquil\u201d, que entrega textos escolares gratuitos y de calidad, ha beneficiado a m\u00e1s de 150.000 estudiantes de escasos recursos, asegurando igualdad de oportunidades y fomentando el desarrollo integral de la ni\u00f1ez y juventud de la ciudad.<\/p>\n<p>En el \u00e1mbito de obra p\u00fablica, se han intervenido 1.354 kil\u00f3metros de v\u00edas, junto con la construcci\u00f3n de pasos elevados y peatonales, anillos viales, parques, pintura de parterres y renovaci\u00f3n de la iluminaci\u00f3n. Estas obras no solo mejoran la movilidad y la seguridad, sino que elevan la calidad de vida de miles de ciudadanos y fortalecen el<br \/>\nespacio urbano.<\/p>\n<p>Adem\u00e1s, la gesti\u00f3n municipal ha reforzado el acceso a servicios para grupos vulnerables, incluyendo personas con discapacidad, adultos mayores y personas en situaci\u00f3n de movilidad. Todos los ejes de acci\u00f3n de la ciudad se han alineado para colocar la dignidad del ser humano en el centro de la gesti\u00f3n p\u00fablica.<\/p>\n<p>Con estas acciones, Guayaquil demuestra que honrar los derechos humanos no es solo un acto simb\u00f3lico, sino una pr\u00e1ctica tangible que impacta directamente en la vida diaria de sus habitantes, reafirmando el compromiso de la ciudad con la igualdad, la justicia y la fraternidad.<\/p>\n","protected":false},"excerpt":{"rendered":"<p>Guayaquil.- Cada 10 de diciembre, el mundo recuerda un hito hist\u00f3rico: la adopci\u00f3n de la Declaraci\u00f3n Universal de Derechos Humanos por la Asamblea General de la ONU en 1948. Este documento se convirti\u00f3 en un pilar de las constituciones de numerosos pa\u00edses y, en Guayaquil, gu\u00eda fundamental de la gesti\u00f3n del alcalde Aquiles Alvarez, cuya [&hellip;]<\/p>\n","protected":false},"author":2,"featured_media":43583,"comment_status":"open","ping_status":"closed","sticky":false,"template":"","format":"standard","meta":{"_jetpack_memberships_contains_paid_content":false,"footnotes":""},"categories":[33,13],"tags":[1519,6984,6983,2132],"class_list":["post-43579","post","type-post","status-publish","format-standard","has-post-thumbnail","hentry","category-guayaquil","category-noticias-nacionales","tag-alcalde-aquiles-alvarez","tag-asamblea-general-de-la-onu","tag-declaracion-universal-de-derechos-humanos","tag-educate-guayaquil"],"jetpack_featured_media_url":"https:\/\/radiocresatelital.com\/wp-content\/uploads\/2025\/12\/LogoAlcaldia.png","jetpack_sharing_enabled":true,"_links":{"self":[{"href":"https:\/\/radiocresatelital.com\/index.php?rest_route=\/wp\/v2\/posts\/43579","targetHints":{"allow":["GET"]}}],"collection":[{"href":"https:\/\/radiocresatelital.com\/index.php?rest_route=\/wp\/v2\/posts"}],"about":[{"href":"https:\/\/radiocresatelital.com\/index.php?rest_route=\/wp\/v2\/types\/post"}],"author":[{"embeddable":true,"href":"https:\/\/radiocresatelital.com\/index.php?rest_route=\/wp\/v2\/users\/2"}],"replies":[{"embeddable":true,"href":"https:\/\/radiocresatelital.com\/index.php?rest_route=%2Fwp%2Fv2%2Fcomments&post=43579"}],"version-history":[{"count":1,"href":"https:\/\/radiocresatelital.com\/index.php?rest_route=\/wp\/v2\/posts\/43579\/revisions"}],"predecessor-version":[{"id":43581,"href":"https:\/\/radiocresatelital.com\/index.php?rest_route=\/wp\/v2\/posts\/43579\/revisions\/43581"}],"wp:featuredmedia":[{"embeddable":true,"href":"https:\/\/radiocresatelital.com\/index.php?rest_route=\/wp\/v2\/media\/43583"}],"wp:attachment":[{"href":"https:\/\/radiocresatelital.com\/index.php?rest_route=%2Fwp%2Fv2%2Fmedia&parent=43579"}],"wp:term":[{"taxonomy":"category","embeddable":true,"href":"https:\/\/radiocresatelital.com\/index.php?rest_route=%2Fwp%2Fv2%2Fcategories&post=43579"},{"taxonomy":"post_tag","embeddable":true,"href":"https:\/\/radiocresatelital.com\/index.php?rest_route=%2Fwp%2Fv2%2Ftags&post=43579"}],"curies":[{"name":"wp","href":"https:\/\/api.w.org\/{rel}","templated":true}]}}