{"id":43576,"date":"2025-12-09T19:31:42","date_gmt":"2025-12-09T19:31:42","guid":{"rendered":"https:\/\/radiocresatelital.com\/?p=43576"},"modified":"2025-12-09T19:31:54","modified_gmt":"2025-12-09T19:31:54","slug":"segura-ep-activa-operativo-integral-de-seguridad-con-mas-de-90-agentes-en-la-terminal-terrestre","status":"publish","type":"post","link":"https:\/\/radiocresatelital.com\/?p=43576","title":{"rendered":"Segura EP activa operativo integral de seguridad con m\u00e1s de 90 agentes en la Terminal Terrestre"},"content":{"rendered":"<p>Guayaquil.- Por disposici\u00f3n directa del alcalde Aquiles Alvarez, la Empresa P\u00fablica Municipal Segura EP activ\u00f3 un operativo integral para fortalecer la seguridad en la Terminal Terrestre de Guayaquil, como respuesta inmediata a los recientes acontecimientos registrados en esta infraestructura de alta afluencia ciudadana.<\/p>\n<p>El dispositivo contempla el despliegue temporal de m\u00e1s de 90 Agentes de Control Municipal (ACM), organizados en turnos rotativos 24\/7, que cubren estrat\u00e9gicamente las seis puertas principales de ingreso, \u00e1reas de boleter\u00edas, andenes, garitas de control, zonas de encomiendas y los m\u00e1s de 160 locales comerciales del complejo.<\/p>\n<p>La operaci\u00f3n est\u00e1 articulada con el Centro de Comando, Control y Comunicaciones C5 GYE, lo que permite la visualizaci\u00f3n continua, la activaci\u00f3n inmediata de protocolos de respuesta y la coordinaci\u00f3n interinstitucional con organismos de emergencia ante cualquier eventualidad.<\/p>\n<p>El gerente general de Segura EP, Alex Anchundia, explic\u00f3 que se activ\u00f3 un contingente mixto conformado por Agentes de Control Municipal y personal de seguridad privada de otras dependencias del holding municipal, como medida temporal mientras se desarrolla el proceso administrativo para la contrataci\u00f3n de una nueva empresa de<br \/>\nseguridad.<\/p>\n<p>\u201cDe forma inmediata se ha estructurado un contingente combinado de agentes municipales y guardias de seguridad de otras entidades municipales, hasta que se concrete el proceso correspondiente de contrataci\u00f3n que permita reemplazar al personal que cumpl\u00eda funciones hasta la fecha\u201d, se\u00f1al\u00f3.<\/p>\n<p>Para garantizar la cobertura integral de los 86 puntos de vigilancia de la Terminal Terrestre, se requiere un contingente operativo aproximado de 300 efectivos, distribuidos en tres turnos permanentes durante las 24 horas. Este dispositivo combinar\u00e1 ACM y personal de seguridad privada, asegurando presencia continua y estrat\u00e9gica en toda la infraestructura.<\/p>\n<p>\u201cLa ciudadan\u00eda puede tener la certeza de que Segura EP mantiene una presencia activa y permanente para garantizar el orden, la seguridad y la continuidad del servicio en la Terminal Terrestre\u201d, enfatiz\u00f3 el funcionario.<\/p>\n<p>Segura EP confirm\u00f3 que este refuerzo extraordinario permanecer\u00e1 activo durante todo el periodo de transici\u00f3n, mientras se ejecuta el nuevo proceso de contrataci\u00f3n mediante el cat\u00e1logo electr\u00f3nico del SERCOP, asegurando la continuidad operativa del servicio de seguridad.<\/p>\n","protected":false},"excerpt":{"rendered":"<p>Guayaquil.- Por disposici\u00f3n directa del alcalde Aquiles Alvarez, la Empresa P\u00fablica Municipal Segura EP activ\u00f3 un operativo integral para fortalecer la seguridad en la Terminal Terrestre de Guayaquil, como respuesta inmediata a los recientes acontecimientos registrados en esta infraestructura de alta afluencia ciudadana. El dispositivo contempla el despliegue temporal de m\u00e1s de 90 Agentes de [&hellip;]<\/p>\n","protected":false},"author":2,"featured_media":43577,"comment_status":"open","ping_status":"closed","sticky":false,"template":"","format":"standard","meta":{"_jetpack_memberships_contains_paid_content":false,"footnotes":""},"categories":[33,13],"tags":[1519,6982,1589],"class_list":["post-43576","post","type-post","status-publish","format-standard","has-post-thumbnail","hentry","category-guayaquil","category-noticias-nacionales","tag-alcalde-aquiles-alvarez","tag-empresa-publica-municipal-segura-ep","tag-terminal-terrestre-de-guayaquil"],"jetpack_featured_media_url":"https:\/\/radiocresatelital.com\/wp-content\/uploads\/2025\/12\/IMG-20251209-WA0291-scaled.jpg","jetpack_sharing_enabled":true,"_links":{"self":[{"href":"https:\/\/radiocresatelital.com\/index.php?rest_route=\/wp\/v2\/posts\/43576","targetHints":{"allow":["GET"]}}],"collection":[{"href":"https:\/\/radiocresatelital.com\/index.php?rest_route=\/wp\/v2\/posts"}],"about":[{"href":"https:\/\/radiocresatelital.com\/index.php?rest_route=\/wp\/v2\/types\/post"}],"author":[{"embeddable":true,"href":"https:\/\/radiocresatelital.com\/index.php?rest_route=\/wp\/v2\/users\/2"}],"replies":[{"embeddable":true,"href":"https:\/\/radiocresatelital.com\/index.php?rest_route=%2Fwp%2Fv2%2Fcomments&post=43576"}],"version-history":[{"count":1,"href":"https:\/\/radiocresatelital.com\/index.php?rest_route=\/wp\/v2\/posts\/43576\/revisions"}],"predecessor-version":[{"id":43578,"href":"https:\/\/radiocresatelital.com\/index.php?rest_route=\/wp\/v2\/posts\/43576\/revisions\/43578"}],"wp:featuredmedia":[{"embeddable":true,"href":"https:\/\/radiocresatelital.com\/index.php?rest_route=\/wp\/v2\/media\/43577"}],"wp:attachment":[{"href":"https:\/\/radiocresatelital.com\/index.php?rest_route=%2Fwp%2Fv2%2Fmedia&parent=43576"}],"wp:term":[{"taxonomy":"category","embeddable":true,"href":"https:\/\/radiocresatelital.com\/index.php?rest_route=%2Fwp%2Fv2%2Fcategories&post=43576"},{"taxonomy":"post_tag","embeddable":true,"href":"https:\/\/radiocresatelital.com\/index.php?rest_route=%2Fwp%2Fv2%2Ftags&post=43576"}],"curies":[{"name":"wp","href":"https:\/\/api.w.org\/{rel}","templated":true}]}}