{"id":43561,"date":"2025-12-09T18:33:11","date_gmt":"2025-12-09T18:33:11","guid":{"rendered":"https:\/\/radiocresatelital.com\/?p=43561"},"modified":"2025-12-09T19:19:06","modified_gmt":"2025-12-09T19:19:06","slug":"aquimismo-llevo-servicios-gratuitos-a-el-morro-y-el-alcalde-anuncio-nuevas-obras-para-la-parroquia","status":"publish","type":"post","link":"https:\/\/radiocresatelital.com\/?p=43561","title":{"rendered":"AquiMismo llev\u00f3 servicios gratuitos a El Morro y el Alcalde anunci\u00f3 nuevas obras para la parroquia"},"content":{"rendered":"<p>Guayaquil.- Los habitantes de la parroquia rural El Morro accedieron, este martes 9 de diciembre, a una amplia oferta de servicios municipales gracias a la activaci\u00f3n ciudadana AquiMismo, desarrollada en el Parque Central de la cabecera parroquial y dise\u00f1ada para beneficiar a m\u00e1s de 1.000 personas.<\/p>\n<p>En el marco de la jornada, el alcalde Aquiles Alvarez mantuvo un conversatorio con l\u00edderes y dirigentes locales mediante el espacio \u201cEscucha Activa\u201d. Durante el di\u00e1logo, reconoci\u00f3 que \u201cEl Morro es un sector olvidado hist\u00f3ricamente por un Municipio que nunca miraba a las parroquias rurales\u201d y, en nombre del Muy Ilustre Municipio de Guayaquil, pidi\u00f3 perd\u00f3n \u201cpor ese olvido de muchos a\u00f1os\u201d.<\/p>\n<p>El Burgomaestre anunci\u00f3 nuevas acciones para fortalecer el desarrollo de la parroquia: la pr\u00f3xima puesta en marcha del \u00c1rea Territorial Inclusiva (ATI) de Posorja, ubicada a menos de 15 minutos, para atenci\u00f3n de personas con discapacidad y neurodivergencias; la instalaci\u00f3n de c\u00e1maras de vigilancia conectadas al Centro de Mando y Control de Segura EP; atenci\u00f3n odontol\u00f3gica gratuita permanente; adem\u00e1s del impulso a mujeres emprendedoras mediante capital semilla y formaci\u00f3n t\u00e9cnica.<\/p>\n<p>Tambi\u00e9n inform\u00f3 la incorporaci\u00f3n de El Morro y Cerro del Muerto en la planificaci\u00f3n tur\u00edstica municipal, con se\u00f1al\u00e9tica, iluminaci\u00f3n y la agilizaci\u00f3n de la legalizaci\u00f3n de predios.<\/p>\n<p>\u201cNosotros aqu\u00ed no estamos por campa\u00f1a, estamos porque la gente vot\u00f3 por el cambio y el cambio naci\u00f3 desde los sectores donde nunca hab\u00edan tenido atenci\u00f3n municipal\u201d, afirm\u00f3 el Alcalde, recibiendo aplausos de los asistentes.<\/p>\n<p>La activaci\u00f3n AquiMismo congreg\u00f3 a m\u00faltiples direcciones y empresas municipales. La Direcci\u00f3n de Salud brind\u00f3 atenci\u00f3n y medicina gratuita; el Registro Civil realiz\u00f3 cedulaci\u00f3n; la Direcci\u00f3n de Patrimonio Cultural instal\u00f3 un museo itinerante con r\u00e9plicas de piezas prehisp\u00e1nicas; y la ATM desarroll\u00f3 campa\u00f1as de educaci\u00f3n vial. Asimismo, Proanimal ofreci\u00f3 consulta veterinaria y desparasitaci\u00f3n, mientras que la Direcci\u00f3n de Terrenos explic\u00f3 procesos de legalizaci\u00f3n, entre otras atenciones.<\/p>\n<p>Uno de los beneficiarios destacados fue Carlos Lindao, de 123 a\u00f1os (considerado el hombre m\u00e1s longevo del Ecuador), quien recibi\u00f3 atenci\u00f3n m\u00e9dica, medicinas y renov\u00f3 su c\u00e9dula de identidad. \u201cLa plata es lo que m\u00e1s hace falta (\u2026) le doy gracias a Dios, que Dios le d\u00e9 vida a este se\u00f1or (Alcalde) para que nos siga ayudando\u201d, expres\u00f3.<\/p>\n<p>Tambi\u00e9n Arelis Zamora aprovech\u00f3 la presencia municipal para atender a su mascota. \u201cEs un placer tenerlos aqu\u00ed nuevamente en una brigada m\u00e1s porque esto es muy beneficioso para nosotros (\u2026) a veces es un poquito dificultoso el ingreso que nosotros\u00a0tenemos, no contamos con recursos necesarios para llevarlos a atender en un m\u00e9dico particular\u201d, coment\u00f3.<\/p>\n<p>La jornada facilit\u00f3 que cientos de moradores de El Morro y recintos cercanos accedieran a servicios que usualmente solo est\u00e1n disponibles en la zona urbana, acercando la gesti\u00f3n municipal al territorio.<\/p>\n","protected":false},"excerpt":{"rendered":"<p>Guayaquil.- Los habitantes de la parroquia rural El Morro accedieron, este martes 9 de diciembre, a una amplia oferta de servicios municipales gracias a la activaci\u00f3n ciudadana AquiMismo, desarrollada en el Parque Central de la cabecera parroquial y dise\u00f1ada para beneficiar a m\u00e1s de 1.000 personas. En el marco de la jornada, el alcalde Aquiles [&hellip;]<\/p>\n","protected":false},"author":2,"featured_media":43562,"comment_status":"open","ping_status":"closed","sticky":false,"template":"","format":"standard","meta":{"_jetpack_memberships_contains_paid_content":false,"footnotes":""},"categories":[33,13],"tags":[6979,6465],"class_list":["post-43561","post","type-post","status-publish","format-standard","has-post-thumbnail","hentry","category-guayaquil","category-noticias-nacionales","tag-escucha-activa","tag-parroquia-rural-el-morro"],"jetpack_featured_media_url":"https:\/\/radiocresatelital.com\/wp-content\/uploads\/2025\/12\/IMG-20251209-WA0043-scaled.jpg","jetpack_sharing_enabled":true,"_links":{"self":[{"href":"https:\/\/radiocresatelital.com\/index.php?rest_route=\/wp\/v2\/posts\/43561","targetHints":{"allow":["GET"]}}],"collection":[{"href":"https:\/\/radiocresatelital.com\/index.php?rest_route=\/wp\/v2\/posts"}],"about":[{"href":"https:\/\/radiocresatelital.com\/index.php?rest_route=\/wp\/v2\/types\/post"}],"author":[{"embeddable":true,"href":"https:\/\/radiocresatelital.com\/index.php?rest_route=\/wp\/v2\/users\/2"}],"replies":[{"embeddable":true,"href":"https:\/\/radiocresatelital.com\/index.php?rest_route=%2Fwp%2Fv2%2Fcomments&post=43561"}],"version-history":[{"count":1,"href":"https:\/\/radiocresatelital.com\/index.php?rest_route=\/wp\/v2\/posts\/43561\/revisions"}],"predecessor-version":[{"id":43563,"href":"https:\/\/radiocresatelital.com\/index.php?rest_route=\/wp\/v2\/posts\/43561\/revisions\/43563"}],"wp:featuredmedia":[{"embeddable":true,"href":"https:\/\/radiocresatelital.com\/index.php?rest_route=\/wp\/v2\/media\/43562"}],"wp:attachment":[{"href":"https:\/\/radiocresatelital.com\/index.php?rest_route=%2Fwp%2Fv2%2Fmedia&parent=43561"}],"wp:term":[{"taxonomy":"category","embeddable":true,"href":"https:\/\/radiocresatelital.com\/index.php?rest_route=%2Fwp%2Fv2%2Fcategories&post=43561"},{"taxonomy":"post_tag","embeddable":true,"href":"https:\/\/radiocresatelital.com\/index.php?rest_route=%2Fwp%2Fv2%2Ftags&post=43561"}],"curies":[{"name":"wp","href":"https:\/\/api.w.org\/{rel}","templated":true}]}}