{"id":43536,"date":"2025-12-08T22:18:37","date_gmt":"2025-12-08T22:18:37","guid":{"rendered":"https:\/\/radiocresatelital.com\/?p=43536"},"modified":"2025-12-08T22:18:37","modified_gmt":"2025-12-08T22:18:37","slug":"holanda-confirma-amistosos-con-noruega-y-ecuador","status":"publish","type":"post","link":"https:\/\/radiocresatelital.com\/?p=43536","title":{"rendered":"Holanda confirma amistosos con Noruega y Ecuador"},"content":{"rendered":"<div class=\"text-module__text__0GDob text-module__dark-grey__UFC18 text-module__regular__qJJtA text-module__small__sph8i body-module__full_width__kCIGb body-module__small_body__gOmDf article-body-module__paragraph__Ts-yF\" data-testid=\"paragraph-0\"><span dir=\"auto\">Amsterdam.-La Asociaci\u00f3n Holandesa de F\u00fatbol ha informado que el combinado de ese Pa\u00eds realizar\u00e1 dos cotejos amistosos como preparaci\u00f3n para el Mundial 2026<\/span><span dir=\"auto\"> contra Noruega y Ecuador en marzo.<\/p>\n<p><\/span><\/div>\n<div class=\"text-module__text__0GDob text-module__dark-grey__UFC18 text-module__regular__qJJtA text-module__small__sph8i body-module__full_width__kCIGb body-module__small_body__gOmDf article-body-module__paragraph__Ts-yF\" data-testid=\"paragraph-1\"><span dir=\"auto\">Los partidos se organizaron r\u00e1pidamente despu\u00e9s del sorteo de la Copa del Mundo del fin de semana, donde Holanda fue ubicada en el Grupo F junto con Jap\u00f3n, T\u00fanez y el ganador del playoff europeo en marzo que involucra a Albania, Polonia, Suecia y Ucrania.<\/p>\n<p><\/span><\/div>\n<div class=\"text-module__text__0GDob text-module__dark-grey__UFC18 text-module__regular__qJJtA text-module__small__sph8i body-module__full_width__kCIGb body-module__small_body__gOmDf article-body-module__paragraph__Ts-yF\" data-testid=\"paragraph-2\"><span dir=\"auto\">Los holandeses se enfrentar\u00e1n a Noruega, tambi\u00e9n clasificado para el Mundial, el 27 de marzo y a Ecuador cuatro d\u00edas despu\u00e9s. Las sedes ser\u00e1n en los Pa\u00edses Bajos, pero a\u00fan no se han confirmado.<\/span><\/div>\n<div class=\"article-body-module__element__5eCce\" data-testid=\"element\">\n<div class=\"divider-container-module__container__MpXC- default divider-container-module__max-width__KpWSo\" data-testid=\"ResponsiveAdSlot\">\n<div class=\"ad-slot-module__container__VEdre ad-slot-module__fixed-height__W8iWX\"><\/div>\n<\/div>\n<\/div>\n<div class=\"text-module__text__0GDob text-module__dark-grey__UFC18 text-module__regular__qJJtA text-module__small__sph8i body-module__full_width__kCIGb body-module__small_body__gOmDf article-body-module__paragraph__Ts-yF\" data-testid=\"paragraph-3\"><span dir=\"auto\">\u201cEra nuestro deseo tener un rival europeo y sudamericano de cara al Mundial\u201d, afirm\u00f3 el t\u00e9cnico Ronald Koeman en un comunicado.<\/p>\n<p><\/span><\/div>\n<div class=\"text-module__text__0GDob text-module__dark-grey__UFC18 text-module__regular__qJJtA text-module__small__sph8i body-module__full_width__kCIGb body-module__small_body__gOmDf article-body-module__paragraph__Ts-yF\" data-testid=\"paragraph-4\"><span dir=\"auto\">\u201cEn marzo nos enfrentaremos a rivales competitivos y de calidad con diferentes estilos de juego y eso nos ayuda en los pasos que queremos dar de cara al Mundial\u201d, a\u00f1adi\u00f3.<\/span><\/div>\n<div data-testid=\"paragraph-4\"><\/div>\n<div class=\"text-module__text__0GDob text-module__dark-grey__UFC18 text-module__regular__qJJtA text-module__small__sph8i body-module__full_width__kCIGb body-module__small_body__gOmDf article-body-module__paragraph__Ts-yF\" data-testid=\"paragraph-5\"><span dir=\"auto\">El Mundial en Canad\u00e1, M\u00e9xico y Estados Unidos comienza en junio.<\/span><\/div>\n","protected":false},"excerpt":{"rendered":"<p>Amsterdam.-La Asociaci\u00f3n Holandesa de F\u00fatbol ha informado que el combinado de ese Pa\u00eds realizar\u00e1 dos cotejos amistosos como preparaci\u00f3n para el Mundial 2026 contra Noruega y Ecuador en marzo. Los partidos se organizaron r\u00e1pidamente despu\u00e9s del sorteo de la Copa del Mundo del fin de semana, donde Holanda fue ubicada en el Grupo F junto [&hellip;]<\/p>\n","protected":false},"author":2,"featured_media":43537,"comment_status":"open","ping_status":"closed","sticky":false,"template":"","format":"standard","meta":{"_jetpack_memberships_contains_paid_content":false,"footnotes":""},"categories":[7],"tags":[6970,6971],"class_list":["post-43536","post","type-post","status-publish","format-standard","has-post-thumbnail","hentry","category-futbol-internacional","tag-asociacion-holandesa-de-futbol","tag-seleccion-holanda"],"jetpack_featured_media_url":"https:\/\/radiocresatelital.com\/wp-content\/uploads\/2025\/12\/01hzsng0479f8jxfy5wd.jpg","jetpack_sharing_enabled":true,"_links":{"self":[{"href":"https:\/\/radiocresatelital.com\/index.php?rest_route=\/wp\/v2\/posts\/43536","targetHints":{"allow":["GET"]}}],"collection":[{"href":"https:\/\/radiocresatelital.com\/index.php?rest_route=\/wp\/v2\/posts"}],"about":[{"href":"https:\/\/radiocresatelital.com\/index.php?rest_route=\/wp\/v2\/types\/post"}],"author":[{"embeddable":true,"href":"https:\/\/radiocresatelital.com\/index.php?rest_route=\/wp\/v2\/users\/2"}],"replies":[{"embeddable":true,"href":"https:\/\/radiocresatelital.com\/index.php?rest_route=%2Fwp%2Fv2%2Fcomments&post=43536"}],"version-history":[{"count":1,"href":"https:\/\/radiocresatelital.com\/index.php?rest_route=\/wp\/v2\/posts\/43536\/revisions"}],"predecessor-version":[{"id":43538,"href":"https:\/\/radiocresatelital.com\/index.php?rest_route=\/wp\/v2\/posts\/43536\/revisions\/43538"}],"wp:featuredmedia":[{"embeddable":true,"href":"https:\/\/radiocresatelital.com\/index.php?rest_route=\/wp\/v2\/media\/43537"}],"wp:attachment":[{"href":"https:\/\/radiocresatelital.com\/index.php?rest_route=%2Fwp%2Fv2%2Fmedia&parent=43536"}],"wp:term":[{"taxonomy":"category","embeddable":true,"href":"https:\/\/radiocresatelital.com\/index.php?rest_route=%2Fwp%2Fv2%2Fcategories&post=43536"},{"taxonomy":"post_tag","embeddable":true,"href":"https:\/\/radiocresatelital.com\/index.php?rest_route=%2Fwp%2Fv2%2Ftags&post=43536"}],"curies":[{"name":"wp","href":"https:\/\/api.w.org\/{rel}","templated":true}]}}