{"id":43527,"date":"2025-12-08T17:22:37","date_gmt":"2025-12-08T17:22:37","guid":{"rendered":"https:\/\/radiocresatelital.com\/?p=43527"},"modified":"2025-12-08T21:25:12","modified_gmt":"2025-12-08T21:25:12","slug":"ecuasanitas-y-fundacion-rett-se-unen-para-brindar-atencion-medica-integral","status":"publish","type":"post","link":"https:\/\/radiocresatelital.com\/?p=43527","title":{"rendered":"Ecuasanitas y Fundaci\u00f3n Rett se unen para brindar atenci\u00f3n m\u00e9dica integral"},"content":{"rendered":"<p>Quito.- En l\u00ednea con su prop\u00f3sito de impulsar el bienestar inclusivo, Ecuasanitas formaliz\u00f3 una alianza institucional con la Fundaci\u00f3n Rett, mediante la cual se brindar\u00e1 atenci\u00f3n m\u00e9dica y terap\u00e9utica a ni\u00f1as diagnosticadas con S\u00edndrome de Rett y a sus cuidadores primarios. Esta colaboraci\u00f3n pone en el centro el acceso equitativo a servicios esenciales y refuerza el compromiso social de Ecuasanitas con poblaciones vulnerables.<\/p>\n<p>La alianza contempla una inversi\u00f3n anual acordada entre las partes, que permitir\u00e1 a 34 ni\u00f1as acceder a consultas m\u00e9dicas y terapias especializadas a trav\u00e9s de PraxMED, red prestadora aliada de Ecuasanitas y perteneciente al Grupo MMHealth. Los servicios incluyen medicina general, pediatr\u00eda, terapias: f\u00edsicas, psicol\u00f3gicas, de lenguaje, de degluci\u00f3n; tanto presenciales como virtuales, para facilitar el acceso a quienes no pueden movilizarse con facilidad.<\/p>\n<p>\u201cEste trabajo fortalece y reafirma nuestra visi\u00f3n de bienestar como un derecho humano, que va m\u00e1s all\u00e1 de ser un n\u00famero de registro de una enfermedad, catalogada como rara. Queremos ser parte activa del cambio hacia una sociedad que valora, protege y acompa\u00f1a a quienes m\u00e1s lo necesitan\u201d, se\u00f1al\u00f3 Carla Sevilla, Gerente General de Ecuasanitas.<\/p>\n<p>El alcance presencial se concentrar\u00e1 en Quito y Guayaquil, mientras que con las terapias virtuales se proyectan llegar a 10 beneficiarias sin importar su ubicaci\u00f3n. Adem\u00e1s, se contempla un monto anual destinado a la compra de medicamentos e insumos m\u00e9dicos necesarios para su cuidado integral.<\/p>\n<p>\u201cEstamos generando un puente real entre la necesidad y la acci\u00f3n, para que la poblaci\u00f3n ecuatoriana cambie su mirada. Las familias que conviven con esta condici\u00f3n necesitan apoyo sostenido, y eso es lo que hemos decidido brindar con esta alianza\u201d, a\u00f1adi\u00f3 la vocera.<\/p>\n<p>Ecuasanitas y Fundaci\u00f3n Rett trabajar\u00e1n mensualmente en la planificaci\u00f3n de atenciones, garantizando el acceso oportuno y personalizado a los servicios.<\/p>\n<p>Con esta iniciativa, Ecuasanitas refuerza su compromiso con la construcci\u00f3n de una sociedad m\u00e1s emp\u00e1tica, humana e inclusiva, alineada con los principios de bienestar integral y responsabilidad compartida.<\/p>\n","protected":false},"excerpt":{"rendered":"<p>Quito.- En l\u00ednea con su prop\u00f3sito de impulsar el bienestar inclusivo, Ecuasanitas formaliz\u00f3 una alianza institucional con la Fundaci\u00f3n Rett, mediante la cual se brindar\u00e1 atenci\u00f3n m\u00e9dica y terap\u00e9utica a ni\u00f1as diagnosticadas con S\u00edndrome de Rett y a sus cuidadores primarios. Esta colaboraci\u00f3n pone en el centro el acceso equitativo a servicios esenciales y refuerza [&hellip;]<\/p>\n","protected":false},"author":2,"featured_media":43528,"comment_status":"open","ping_status":"closed","sticky":false,"template":"","format":"standard","meta":{"_jetpack_memberships_contains_paid_content":false,"footnotes":""},"categories":[13],"tags":[5687,6969],"class_list":["post-43527","post","type-post","status-publish","format-standard","has-post-thumbnail","hentry","category-noticias-nacionales","tag-ecuasanitas","tag-fundacion-rett"],"jetpack_featured_media_url":"https:\/\/radiocresatelital.com\/wp-content\/uploads\/2025\/12\/WhatsApp-Image-2025-12-08-at-15.06.11.jpeg","jetpack_sharing_enabled":true,"_links":{"self":[{"href":"https:\/\/radiocresatelital.com\/index.php?rest_route=\/wp\/v2\/posts\/43527","targetHints":{"allow":["GET"]}}],"collection":[{"href":"https:\/\/radiocresatelital.com\/index.php?rest_route=\/wp\/v2\/posts"}],"about":[{"href":"https:\/\/radiocresatelital.com\/index.php?rest_route=\/wp\/v2\/types\/post"}],"author":[{"embeddable":true,"href":"https:\/\/radiocresatelital.com\/index.php?rest_route=\/wp\/v2\/users\/2"}],"replies":[{"embeddable":true,"href":"https:\/\/radiocresatelital.com\/index.php?rest_route=%2Fwp%2Fv2%2Fcomments&post=43527"}],"version-history":[{"count":1,"href":"https:\/\/radiocresatelital.com\/index.php?rest_route=\/wp\/v2\/posts\/43527\/revisions"}],"predecessor-version":[{"id":43529,"href":"https:\/\/radiocresatelital.com\/index.php?rest_route=\/wp\/v2\/posts\/43527\/revisions\/43529"}],"wp:featuredmedia":[{"embeddable":true,"href":"https:\/\/radiocresatelital.com\/index.php?rest_route=\/wp\/v2\/media\/43528"}],"wp:attachment":[{"href":"https:\/\/radiocresatelital.com\/index.php?rest_route=%2Fwp%2Fv2%2Fmedia&parent=43527"}],"wp:term":[{"taxonomy":"category","embeddable":true,"href":"https:\/\/radiocresatelital.com\/index.php?rest_route=%2Fwp%2Fv2%2Fcategories&post=43527"},{"taxonomy":"post_tag","embeddable":true,"href":"https:\/\/radiocresatelital.com\/index.php?rest_route=%2Fwp%2Fv2%2Ftags&post=43527"}],"curies":[{"name":"wp","href":"https:\/\/api.w.org\/{rel}","templated":true}]}}