{"id":43462,"date":"2025-12-08T16:43:37","date_gmt":"2025-12-08T16:43:37","guid":{"rendered":"https:\/\/radiocresatelital.com\/?p=43462"},"modified":"2025-12-08T16:43:37","modified_gmt":"2025-12-08T16:43:37","slug":"eder-militao-se-pierde-cuatro-meses-por-lesion-y-aspira-a-llegar-al-mundial","status":"publish","type":"post","link":"https:\/\/radiocresatelital.com\/?p=43462","title":{"rendered":"Eder Militao se pierde cuatro meses por lesi\u00f3n y aspira a llegar al Mundial"},"content":{"rendered":"<p>Madrid.- El cuerpo m\u00e9dico del Real Madrid ha realizado una resonancia magn\u00e9tica al defensa brasile\u00f1o \u00c9der Militao donde se ha podido confirmar luego de se le detectara una lesi\u00f3n descubriendo que tiene una rotura muscular en el b\u00edceps femoral de la pierna izquierda, con afectaci\u00f3n del tend\u00f3n proximal, que le obliga a estar cuatro meses de baja.<\/p>\n<p>\u00abTras las pruebas realizadas a nuestro jugador \u00c9der Milit\u00e3o por los Servicios M\u00e9dicos del Real Madrid se le ha diagnosticado una rotura en el b\u00edceps femoral de la pierna izquierda con afectaci\u00f3n del tend\u00f3n proximal. Pendiente de evoluci\u00f3n\u00bb, inform\u00f3 el club blanco en un parte m\u00e9dico.<\/p>\n<p>Militao vuelve a sufrir por tercera temporada consecutiva una grave lesi\u00f3n que le tendr\u00e1 buena parte de la temporada alejado de los terrenos de juego. A los 21 minutos del partido de la decimoquinta jornada de LaLiga EA Sports, ante el Celta en el estadio Santiago Bernab\u00e9u, el defensa brasile\u00f1o cay\u00f3 lesionado en un esfuerzo defensivo. En el intento de evitar el disparo de Pablo Dur\u00e1n, cay\u00f3 fulminado tras sentir una rotura muscular en la parte posterior del muslo izquierdo.<\/p>\n<p>Tras unas horas para que rebajara el hematoma interno sufrido por la rotura muscular, Militao se someti\u00f3 a la prueba m\u00e9dica en la Ciudad Real Madrid que confirm\u00f3 el peor escenario posible. Estar\u00e1 cuatro meses de baja en un camino que ya ha recorrido los \u00faltimos a\u00f1os.<\/p>\n<p>En la \u00faltima recuperaci\u00f3n de la rotura completa del ligamento cruzado anterior con afectaci\u00f3n de menisco de la rodilla derecha estuvo ocho meses hasta que pudo regresar en el final de la pasada campa\u00f1a. Tan solo pudo disputar 18 encuentros, parando el 9 de noviembre de 2024 y firmando un regreso testimonial en las semifinales del Mundial de Clubes, el 9 de julio de 2025, cuando el PSG ya goleaba al equipo de Xabi Alonso.<\/p>\n<p>Anteriormente, en el primer partido oficial de la temporada 2023\/24, en San Mam\u00e9s, Militao sufri\u00f3 una rotura del ligamento cruzado anterior de la rodilla izquierda el 12 de agosto de 2023. Volvi\u00f3 a competir el 31 de marzo de 2024.<\/p>\n<p>Desde su primera lesi\u00f3n grave con el Real Madrid, Militao ha podido disputar 46 encuentros oficiales de los 146 que ha disputado su equipo. De nuevo encara un largo proceso de recuperaci\u00f3n, ser\u00e1 baja en la Supercopa de Espa\u00f1a, en la Copa del Rey y su retorno est\u00e1 estimado sobre el mes de abril con la Liga de Campeones adentrada en los cuartos de final y LaLiga en su trig\u00e9sima jornada.<\/p>\n","protected":false},"excerpt":{"rendered":"<p>Madrid.- El cuerpo m\u00e9dico del Real Madrid ha realizado una resonancia magn\u00e9tica al defensa brasile\u00f1o \u00c9der Militao donde se ha podido confirmar luego de se le detectara una lesi\u00f3n descubriendo que tiene una rotura muscular en el b\u00edceps femoral de la pierna izquierda, con afectaci\u00f3n del tend\u00f3n proximal, que le obliga a estar cuatro meses [&hellip;]<\/p>\n","protected":false},"author":2,"featured_media":43463,"comment_status":"open","ping_status":"closed","sticky":false,"template":"","format":"standard","meta":{"_jetpack_memberships_contains_paid_content":false,"footnotes":""},"categories":[7],"tags":[6961,100,760],"class_list":["post-43462","post","type-post","status-publish","format-standard","has-post-thumbnail","hentry","category-futbol-internacional","tag-eder-militao","tag-real-madrid","tag-seleccion-brasil"],"jetpack_featured_media_url":"https:\/\/radiocresatelital.com\/wp-content\/uploads\/2025\/12\/MILITAO.webp","jetpack_sharing_enabled":true,"_links":{"self":[{"href":"https:\/\/radiocresatelital.com\/index.php?rest_route=\/wp\/v2\/posts\/43462","targetHints":{"allow":["GET"]}}],"collection":[{"href":"https:\/\/radiocresatelital.com\/index.php?rest_route=\/wp\/v2\/posts"}],"about":[{"href":"https:\/\/radiocresatelital.com\/index.php?rest_route=\/wp\/v2\/types\/post"}],"author":[{"embeddable":true,"href":"https:\/\/radiocresatelital.com\/index.php?rest_route=\/wp\/v2\/users\/2"}],"replies":[{"embeddable":true,"href":"https:\/\/radiocresatelital.com\/index.php?rest_route=%2Fwp%2Fv2%2Fcomments&post=43462"}],"version-history":[{"count":1,"href":"https:\/\/radiocresatelital.com\/index.php?rest_route=\/wp\/v2\/posts\/43462\/revisions"}],"predecessor-version":[{"id":43464,"href":"https:\/\/radiocresatelital.com\/index.php?rest_route=\/wp\/v2\/posts\/43462\/revisions\/43464"}],"wp:featuredmedia":[{"embeddable":true,"href":"https:\/\/radiocresatelital.com\/index.php?rest_route=\/wp\/v2\/media\/43463"}],"wp:attachment":[{"href":"https:\/\/radiocresatelital.com\/index.php?rest_route=%2Fwp%2Fv2%2Fmedia&parent=43462"}],"wp:term":[{"taxonomy":"category","embeddable":true,"href":"https:\/\/radiocresatelital.com\/index.php?rest_route=%2Fwp%2Fv2%2Fcategories&post=43462"},{"taxonomy":"post_tag","embeddable":true,"href":"https:\/\/radiocresatelital.com\/index.php?rest_route=%2Fwp%2Fv2%2Ftags&post=43462"}],"curies":[{"name":"wp","href":"https:\/\/api.w.org\/{rel}","templated":true}]}}